{"id":12366,"date":"2020-05-14T09:49:29","date_gmt":"2020-05-14T14:49:29","guid":{"rendered":"http:\/\/www.zonaroja.com.mx\/?p=12366"},"modified":"2020-05-14T09:49:31","modified_gmt":"2020-05-14T14:49:31","slug":"fortalece-poder-judicial-juicio-para-la-proteccion-de-los-derechos-humanos","status":"publish","type":"post","link":"https:\/\/zonaroja.com.mx\/?p=12366","title":{"rendered":"Fortalece Poder Judicial juicio para la protecci\u00f3n de los derechos humanos"},"content":{"rendered":"\n<p>Redacci\u00f3n\/Zona\nRoja.<\/p>\n\n\n\n<p>Oaxaca de Ju\u00e1rez,\nOax., El Poder Judicial de Oaxaca fortalece su labor de salvaguardar, regular\nlos procesos y en su caso, reparar la violaci\u00f3n a los derechos humanos\nconsagrados en la Constituci\u00f3n Pol\u00edtica de los Estados Unidos Mexicanos y en\nlos tratados internacionales, inform\u00f3 la magistrada Gregoria Hortensia\nCastellanos Ch\u00e1vez, presidenta de la Sala Constitucional y Cuarta Sala Penal\ndel Tribunal Superior de Justicia del Estado.<\/p>\n\n\n\n<p>Durante su\nparticipaci\u00f3n en la videoconferencia \u201cJuicio para la protecci\u00f3n de los derechos\nhumanos\u201d, impulsada por la Academia Mexicana de Derecho \u201cJuan Vel\u00e1zquez\u201d A. C.,\nde la cual tambi\u00e9n funge como Vicepresidenta del Cap\u00edtulo Oaxaca, resalt\u00f3 las\nbondades de este tipo de juicio para brindar seguridad, garant\u00eda y protecci\u00f3n a\nlas personas que han sido vulneradas por alguna autoridad.<\/p>\n\n\n\n<p>Dentro de las\nfunciones de la Sala Constitucional, los magistrados integrantes de este \u00f3rgano\ncolegiado, se encargan de sustanciar este tipo de juicio por incumplimiento de\nlas recomendaciones formuladas por la Defensor\u00eda de los Derechos Humanos del\nPueblo de Oaxaca (DDHPO) a alguna autoridad, una vez que \u00e9sta ha agotado los\nmedios a su alcance para lograr su cumplimiento.<\/p>\n\n\n\n<p>\u201cExisten\nmuchas recomendaciones que no se han podido ejecutar, y esta Sala es la\nencargada de hacer que se lleven a cabo, para que las y los oaxaque\u00f1os retomen\nla confianza en las instituciones\u201d, explic\u00f3.<\/p>\n\n\n\n<p>La magistrada\nCastellanos Ch\u00e1vez se\u00f1al\u00f3 que, a trav\u00e9s del juicio para la protecci\u00f3n de los\nderechos humanos, es posible emplazar a las autoridades que vulneraron los\nderechos de los ciudadanos a cumplir con las recomendaciones emitidas desde los\n\u00f3rganos estatales, nacionales e internacionales en la materia, llegar a la\nreparaci\u00f3n del da\u00f1o, el cese de la autoridad o incluso, la integraci\u00f3n de una\ncarpeta de investigaci\u00f3n en materia penal.<\/p>\n\n\n\n<p>Por su parte,\nel presidente de la Academia Mexicana, Jos\u00e9 de Jes\u00fas Naveja Mac\u00edas, reconoci\u00f3\nla independencia de la Sala en emisi\u00f3n de las resoluciones, como uno de los\npuntos medulares de la magistratura, lo que valida la efectividad del derecho\nprocesal constitucional, adem\u00e1s de su impacto a nivel nacional e internacional,\npues en Am\u00e9rica Latina, dijo, \u00fanicamente Paraguay, Costa Rica y Venezuela\ncuentan con una Sala como \u00e9sta.<\/p>\n","protected":false},"excerpt":{"rendered":"<p>Redacci\u00f3n\/Zona Roja. Oaxaca de Ju\u00e1rez, Oax., El Poder Judicial de Oaxaca fortalece su labor de&hellip;<\/p>\n","protected":false},"author":2,"featured_media":8160,"comment_status":"closed","ping_status":"open","sticky":false,"template":"","format":"standard","meta":{"_lmt_disableupdate":"","_lmt_disable":"","_jetpack_memberships_contains_paid_content":false,"footnotes":""},"categories":[109,46],"tags":[1369],"class_list":["post-12366","post","type-post","status-publish","format-standard","has-post-thumbnail","hentry","category-minuto-a-minuto","category-zona-blanca","tag-tribunal-superior-de-justicia-de-oaxacatsejo"],"jetpack_featured_media_url":"https:\/\/zonaroja.com.mx\/wp-content\/uploads\/2020\/01\/Poder-Judicial.jpg","jetpack_sharing_enabled":true,"_links":{"self":[{"href":"https:\/\/zonaroja.com.mx\/index.php?rest_route=\/wp\/v2\/posts\/12366","targetHints":{"allow":["GET"]}}],"collection":[{"href":"https:\/\/zonaroja.com.mx\/index.php?rest_route=\/wp\/v2\/posts"}],"about":[{"href":"https:\/\/zonaroja.com.mx\/index.php?rest_route=\/wp\/v2\/types\/post"}],"author":[{"embeddable":true,"href":"https:\/\/zonaroja.com.mx\/index.php?rest_route=\/wp\/v2\/users\/2"}],"replies":[{"embeddable":true,"href":"https:\/\/zonaroja.com.mx\/index.php?rest_route=%2Fwp%2Fv2%2Fcomments&post=12366"}],"version-history":[{"count":1,"href":"https:\/\/zonaroja.com.mx\/index.php?rest_route=\/wp\/v2\/posts\/12366\/revisions"}],"predecessor-version":[{"id":12367,"href":"https:\/\/zonaroja.com.mx\/index.php?rest_route=\/wp\/v2\/posts\/12366\/revisions\/12367"}],"wp:featuredmedia":[{"embeddable":true,"href":"https:\/\/zonaroja.com.mx\/index.php?rest_route=\/wp\/v2\/media\/8160"}],"wp:attachment":[{"href":"https:\/\/zonaroja.com.mx\/index.php?rest_route=%2Fwp%2Fv2%2Fmedia&parent=12366"}],"wp:term":[{"taxonomy":"category","embeddable":true,"href":"https:\/\/zonaroja.com.mx\/index.php?rest_route=%2Fwp%2Fv2%2Fcategories&post=12366"},{"taxonomy":"post_tag","embeddable":true,"href":"https:\/\/zonaroja.com.mx\/index.php?rest_route=%2Fwp%2Fv2%2Ftags&post=12366"}],"curies":[{"name":"wp","href":"https:\/\/api.w.org\/{rel}","templated":true}]}}