{"id":12368,"date":"2020-05-14T10:08:15","date_gmt":"2020-05-14T15:08:15","guid":{"rendered":"http:\/\/www.zonaroja.com.mx\/?p=12368"},"modified":"2020-05-14T10:08:59","modified_gmt":"2020-05-14T15:08:59","slug":"se-satura-hospital-de-especializades-gobierno-dice-que-hay-espacios","status":"publish","type":"post","link":"https:\/\/zonaroja.com.mx\/?p=12368","title":{"rendered":"Se satura Hospital de Especialidades; gobierno dice que hay espacios"},"content":{"rendered":"\n<p>Ismael Garc\u00eda M.\/Zona Roja.<\/p>\n\n\n\n<p>Oaxaca de Ju\u00e1rez, Oax., 14 de mayo de\n2020.- El Hospital Regional de Alta Especialidad de Oaxaca (HRO) confirm\u00f3 que lleg\u00f3\nal l\u00edmite de su capacidad para atender a pacientes contagiados por el nuevo\ncoronavirus.<\/p>\n\n\n\n<p>\u201cAl ser el \u00fanico hospital que atiende a\npoblaci\u00f3n abierta, hemos llegado al l\u00edmite de nuestra capacidad instalada para\natender a pacientes con insuficiencia respiratoria cr\u00edtica ocasionada por Covid-19,\nenfermos que en su gran mayor\u00eda est\u00e1n graves y requieren intubaci\u00f3n\nendotraqueal y cuidados de terapia intensiva\u201d, inform\u00f3 hoy en un comunicado.<\/p>\n\n\n\n<p>Explic\u00f3 que desde que recibieron al\nprimer paciente diagnosticado con Covid, el 24 de marzo 2020, \u201ctodos los d\u00edas\nhemos trabajado incansablemente para que nuestros pacientes superen esta\nenfermedad\u201d.<\/p>\n\n\n\n<p>\u201cEs nuestra responsabilidad informarles\nque nos es imposible ingresar a m\u00e1s pacientes a atenci\u00f3n hospitalaria\u201d, expuso\nla instituci\u00f3n dependiente del gobierno federal, asentada en el municipio de\nSan Bartolo Coyotepec.<\/p>\n\n\n\n<p>\u201cEs importante destacar que nos hemos preparado desde principios de a\u00f1o, capacitando a todo nuestro personal m\u00e9dico y param\u00e9dico en la atenci\u00f3n de pacientes con insuficiencia respiratoria cr\u00edtica ocasionada por Covid-19, en la colocaci\u00f3n y retiro de equipo de protecci\u00f3n personal y gestionando insumos para garantizar una atenci\u00f3n de calidad a los oaxaque\u00f1os.<\/p>\n\n\n\n<p>\u201cEstamos haciendo todo lo humanamente\nposible para que nuestros pacientes salgan victoriosos de esta enfermedad,\nestamos seguros que juntos lo lograremos\u201d, difundi\u00f3 en su comunicado.<\/p>\n\n\n\n<p>S\u00cd HAY ESPACIOS<\/p>\n\n\n\n<p>Por su parte, el Gobierno del Estado, a\ntrav\u00e9s de un bolet\u00edn de prensa, dio a conocer que \u201cOaxaca cuenta actualmente\ncon un 87% de disponibilidad en hospitalizaci\u00f3n general y 71% de ventiladores\nen hospitales para atender la pandemia\u201d, basado en declaraciones del\nsubsecretario de Prevenci\u00f3n y Promoci\u00f3n a la Salud, Hugo L\u00f3pez Gatell, en su\nconferencia diaria del 13 de mayo.<\/p>\n\n\n\n<p>\u201cA pesar de que algunos de los 25\nhospitales que forman la red hospitalaria Covid de Oaxaca se encuentran cerca\nde su capacidad m\u00e1xima, la disponibilidad total de camas tanto de observaci\u00f3n\ncomo con ventilador es alta, a\u00fan en los Valles Centrales, pues recientemente\nfue habilitado, como estaba previsto, el Hospital de la Mujer y el Ni\u00f1o\nOaxaque\u00f1o ubicado en San Bartolo Coyotepec, el cual registra una ocupaci\u00f3n de\napenas el 16%\u201d, indic\u00f3.<\/p>\n","protected":false},"excerpt":{"rendered":"<p>Ismael Garc\u00eda M.\/Zona Roja. Oaxaca de Ju\u00e1rez, Oax., 14 de mayo de 2020.- El Hospital&hellip;<\/p>\n","protected":false},"author":2,"featured_media":12369,"comment_status":"closed","ping_status":"open","sticky":false,"template":"","format":"standard","meta":{"_lmt_disableupdate":"","_lmt_disable":"","_jetpack_memberships_contains_paid_content":false,"footnotes":""},"categories":[109,47],"tags":[1512,1572],"class_list":["post-12368","post","type-post","status-publish","format-standard","has-post-thumbnail","hentry","category-minuto-a-minuto","category-zona-gris","tag-coronavirus-oaxaca","tag-hospital-regional-de-alta-especialidad-oaxaca"],"jetpack_featured_media_url":"https:\/\/zonaroja.com.mx\/wp-content\/uploads\/2020\/05\/PHOTO-2020-05-14-09-41-02.jpg","jetpack_sharing_enabled":true,"_links":{"self":[{"href":"https:\/\/zonaroja.com.mx\/index.php?rest_route=\/wp\/v2\/posts\/12368","targetHints":{"allow":["GET"]}}],"collection":[{"href":"https:\/\/zonaroja.com.mx\/index.php?rest_route=\/wp\/v2\/posts"}],"about":[{"href":"https:\/\/zonaroja.com.mx\/index.php?rest_route=\/wp\/v2\/types\/post"}],"author":[{"embeddable":true,"href":"https:\/\/zonaroja.com.mx\/index.php?rest_route=\/wp\/v2\/users\/2"}],"replies":[{"embeddable":true,"href":"https:\/\/zonaroja.com.mx\/index.php?rest_route=%2Fwp%2Fv2%2Fcomments&post=12368"}],"version-history":[{"count":2,"href":"https:\/\/zonaroja.com.mx\/index.php?rest_route=\/wp\/v2\/posts\/12368\/revisions"}],"predecessor-version":[{"id":12371,"href":"https:\/\/zonaroja.com.mx\/index.php?rest_route=\/wp\/v2\/posts\/12368\/revisions\/12371"}],"wp:featuredmedia":[{"embeddable":true,"href":"https:\/\/zonaroja.com.mx\/index.php?rest_route=\/wp\/v2\/media\/12369"}],"wp:attachment":[{"href":"https:\/\/zonaroja.com.mx\/index.php?rest_route=%2Fwp%2Fv2%2Fmedia&parent=12368"}],"wp:term":[{"taxonomy":"category","embeddable":true,"href":"https:\/\/zonaroja.com.mx\/index.php?rest_route=%2Fwp%2Fv2%2Fcategories&post=12368"},{"taxonomy":"post_tag","embeddable":true,"href":"https:\/\/zonaroja.com.mx\/index.php?rest_route=%2Fwp%2Fv2%2Ftags&post=12368"}],"curies":[{"name":"wp","href":"https:\/\/api.w.org\/{rel}","templated":true}]}}