{"id":12372,"date":"2020-05-14T11:28:18","date_gmt":"2020-05-14T16:28:18","guid":{"rendered":"http:\/\/www.zonaroja.com.mx\/?p=12372"},"modified":"2020-05-14T11:28:21","modified_gmt":"2020-05-14T16:28:21","slug":"senadora-harp-tomo-susana-distancia-y-aun-no-atiende-emergencia","status":"publish","type":"post","link":"https:\/\/zonaroja.com.mx\/?p=12372","title":{"rendered":"Senadora Harp tom\u00f3 \u201cSusana distancia\u201d y a\u00fan no atiende emergencia"},"content":{"rendered":"\n<p>Yuridiana Sosa\/Zona Roja.<\/p>\n\n\n\n<p>Oaxaca de Ju\u00e1rez, Oax., 14 de mayo de\n2020.- A casi una semana de su designaci\u00f3n como coordinadora en Oaxaca para\nacciones sobre afectaciones de Covid-19, la senadora Susana Harp Iturribar\u00eda\nmantiene \u201cSusana distancia\u201d de la entidad y a\u00fan no inicia funciones.<\/p>\n\n\n\n<p>La responsable de coordinar tareas en\nbeneficio de la poblaci\u00f3n sobre la contingencia sanitaria no se ha presentado\nen el estado ni se ha pronunciado, tras el anuncio que Oaxaca regresa el lunes\npr\u00f3ximo, de forma parcial, a la \u201cnueva normalidad\u201d en 203 municipios\n\u201cesperanza\u201d.<\/p>\n\n\n\n<p>Ayer mi\u00e9rcoles, la incertidumbre sobre\nlas acciones o medidas a tomar frente a la reincorporaci\u00f3n de distintas\nactividades cimbr\u00f3 la entidad, pero la delegada para atender la contingencia mantuvo\ndistancia frente a ese escenario.<\/p>\n\n\n\n<p>Tampoco estuvo presente durante la\nconferencia matutina del Presidente Andr\u00e9s Manuel L\u00f3pez obrador la ma\u00f1ana de\neste mi\u00e9rcoles, a la que fue invitado el gobernador de Oaxaca, Alejandro Murat.<\/p>\n\n\n\n<p>A excepci\u00f3n de una publicaci\u00f3n por\nparte de la Confederaci\u00f3n Patronal de la Rep\u00fablica Mexicana (Coparmex) Oaxaca &#8211;que\nmencion\u00f3 sobre un encuentro en l\u00ednea con Harp Ituribarr\u00eda en el que presentaron\nuna propuesta para el sector empresarial&#8211;, no hay m\u00e1s informaci\u00f3n.<\/p>\n\n\n\n<p>El pasado 8 de mayo, el Presidente\nL\u00f3pez Obrador anunci\u00f3 que el gobierno federal iniciaba una segunda etapa de\natenci\u00f3n a los estados de Oaxaca, Puebla, Veracruz, Morelos y Guerrero, para lo\ncual se designaron en cada uno a un delegado; en ese encuentro indic\u00f3 que para\nel caso de la entidad, ser\u00eda Susana Harp, quien pedir\u00eda licencia al Senado.<\/p>\n","protected":false},"excerpt":{"rendered":"<p>Yuridiana Sosa\/Zona Roja. Oaxaca de Ju\u00e1rez, Oax., 14 de mayo de 2020.- A casi una&hellip;<\/p>\n","protected":false},"author":2,"featured_media":12373,"comment_status":"closed","ping_status":"open","sticky":false,"template":"","format":"standard","meta":{"_lmt_disableupdate":"","_lmt_disable":"","_jetpack_memberships_contains_paid_content":false,"footnotes":""},"categories":[109,47],"tags":[1685],"class_list":["post-12372","post","type-post","status-publish","format-standard","has-post-thumbnail","hentry","category-minuto-a-minuto","category-zona-gris","tag-susana-harp-iturribarria"],"jetpack_featured_media_url":"https:\/\/zonaroja.com.mx\/wp-content\/uploads\/2020\/05\/Susana-Harp.jpeg","jetpack_sharing_enabled":true,"_links":{"self":[{"href":"https:\/\/zonaroja.com.mx\/index.php?rest_route=\/wp\/v2\/posts\/12372","targetHints":{"allow":["GET"]}}],"collection":[{"href":"https:\/\/zonaroja.com.mx\/index.php?rest_route=\/wp\/v2\/posts"}],"about":[{"href":"https:\/\/zonaroja.com.mx\/index.php?rest_route=\/wp\/v2\/types\/post"}],"author":[{"embeddable":true,"href":"https:\/\/zonaroja.com.mx\/index.php?rest_route=\/wp\/v2\/users\/2"}],"replies":[{"embeddable":true,"href":"https:\/\/zonaroja.com.mx\/index.php?rest_route=%2Fwp%2Fv2%2Fcomments&post=12372"}],"version-history":[{"count":1,"href":"https:\/\/zonaroja.com.mx\/index.php?rest_route=\/wp\/v2\/posts\/12372\/revisions"}],"predecessor-version":[{"id":12374,"href":"https:\/\/zonaroja.com.mx\/index.php?rest_route=\/wp\/v2\/posts\/12372\/revisions\/12374"}],"wp:featuredmedia":[{"embeddable":true,"href":"https:\/\/zonaroja.com.mx\/index.php?rest_route=\/wp\/v2\/media\/12373"}],"wp:attachment":[{"href":"https:\/\/zonaroja.com.mx\/index.php?rest_route=%2Fwp%2Fv2%2Fmedia&parent=12372"}],"wp:term":[{"taxonomy":"category","embeddable":true,"href":"https:\/\/zonaroja.com.mx\/index.php?rest_route=%2Fwp%2Fv2%2Fcategories&post=12372"},{"taxonomy":"post_tag","embeddable":true,"href":"https:\/\/zonaroja.com.mx\/index.php?rest_route=%2Fwp%2Fv2%2Ftags&post=12372"}],"curies":[{"name":"wp","href":"https:\/\/api.w.org\/{rel}","templated":true}]}}