{"id":12375,"date":"2020-05-14T12:27:25","date_gmt":"2020-05-14T17:27:25","guid":{"rendered":"http:\/\/www.zonaroja.com.mx\/?p=12375"},"modified":"2020-05-14T12:27:29","modified_gmt":"2020-05-14T17:27:29","slug":"regresan-protestas-de-seccion-22-acusa-enganos-del-ieepo-y-sep","status":"publish","type":"post","link":"https:\/\/zonaroja.com.mx\/?p=12375","title":{"rendered":"Regresan protestas de Secci\u00f3n 22; acusa enga\u00f1os del IEEPO y SEP"},"content":{"rendered":"\n<p>Evlin Arag\u00f3n\/Zona Roja.<\/p>\n\n\n\n<p>Oaxaca de Ju\u00e1rez, Oax., 14 de mayo de\n2020.- Docentes de la Secci\u00f3n 22 del Sindicato Nacional de Trabajadores de la\nEducaci\u00f3n (SNTE), bloquearon esta ma\u00f1ana la calle Armenta y L\u00f3pez de la ciudad\nde Oaxaca, en inmediaciones del edificio sindical de la gremial, para exigir el\ncumplimiento de pagos atrasados pertenecientes a incidencias del 2015.<\/p>\n\n\n\n<p>\u201cBasta ya, no m\u00e1s mentiras. Exigimos\npagos inmediatos. Eloy L\u00f3pez Hern\u00e1ndez da la cara y cumple\u201d, refiere una de las\npancartas que fue instalada a las afueras del sindicato, en donde exigieron al\ndirigente del gremio dejar el discurso y las promesas, y concretar los pagos\npendientes.<\/p>\n\n\n\n<p>Eddy C\u00e9sar Santiago L\u00f3pez, docente\nadscrito al nivel Secundar\u00edas T\u00e9cnicas, explic\u00f3 que se trata de profesores de\nlos niveles de primaria, secundaria y telesecundaria quienes se han visto\nafectados con la falta de sueldo que supuestamente llegar\u00eda el pasado 30 de\nmarzo pero que no se concret\u00f3. <\/p>\n\n\n\n<p>\u201cSoy un profesor m\u00e1s que ha sido enga\u00f1ado por las incidencias del 2015, hemos estado laborando y a la fecha no hemos recibido pago alguno, ya hemos tenido reuniones con las autoridades, pero nos han enga\u00f1ado\u201d, dijo en entrevista.<\/p>\n\n\n\n<figure class=\"wp-block-embed-twitter wp-block-embed is-type-rich is-provider-twitter\"><div class=\"wp-block-embed__wrapper\">\n<div class=\"twitter-tweet\"><blockquote class=\"twitter-tweet\" data-lang=\"es\"><p lang=\"es\" dir=\"ltr\"><a href=\"https:\/\/twitter.com\/hashtag\/OaxacaGris?src=hash&amp;ref_src=twsrc%5Etfw\">#OaxacaGris<\/a><br>Profesores de la Secci\u00f3n 22 del SNTE bloquean esta ma\u00f1ana la calle Armenta y L\u00f3pez de la ciudad de Oaxaca; acusan enga\u00f1os de autoridades educativas federales y estatales, al incumplir con pagos atrasados. <a href=\"https:\/\/t.co\/FWOHw2t4Tn\">pic.twitter.com\/FWOHw2t4Tn<\/a><\/p>&mdash; Zona Roja Oaxaca (@MexRoja) <a href=\"https:\/\/twitter.com\/MexRoja\/status\/1260963153678139392?ref_src=twsrc%5Etfw\">14 de mayo de 2020<\/a><\/blockquote><\/div>\n<\/div><\/figure>\n\n\n\n<p>Explic\u00f3 que tanto las autoridades del\nIEEPO y de la SEP como la dirigencia sindical se comprometieron a pagar el\npasado 30 de marzo, situaci\u00f3n que no sucedi\u00f3, por lo que decidieron pedir\nexplicaciones de frente al magisterio y en caso de no obtener respuesta\ndeterminar otro tipo de acciones a realizar.<\/p>\n\n\n\n<p>De igual forma detall\u00f3 que han sido m\u00e1s\nde diez mesas tripartitas en las que han participado y en cuyo interior se\ndieron los primeros acuerdos de pagar los pendientes a finales del 2019 y\nposterior a inicios de este a\u00f1o, sin embargo ninguna de estas fechas ha sido\nreal y se mantienen a la espera del recurso.<\/p>\n\n\n\n<p>Lo anterior pese a que la Federaci\u00f3n\ndeclar\u00f3 que el dinero &#8211;150 millones de pesos&#8211;&nbsp;\nya fue entregado a la entidad oaxaque\u00f1a; sin embargo, las y los docentes\nafectados con el \u201cdecretazo\u201d de Enrique Pe\u00f1a Nieto a\u00fan tienen pagos pendientes,\npese a los compromisos de las autoridades sindicales y estatales.<\/p>\n\n\n\n<p>\u201cAhorita por la contingencia\nsupuestamente se prolong\u00f3 y se atras\u00f3, pero no nos has dado otra fecha o\nexplicaci\u00f3n al respecto. Por eso estamos aqu\u00ed, queremos saber d\u00f3nde est\u00e1 el\ndinero, la Federaci\u00f3n dijo que ya est\u00e1 el dinero, pero la realidad es que no ha\nllegado a nuestra manos\u201d, manifest\u00f3.<\/p>\n\n\n\n<p>Finalmente, y como parte de las\nconsignas, el grupo de manifestante solicit\u00f3 la intervenci\u00f3n de la Comisi\u00f3n\nNacional de Derechos Humanos (CNDH), toda vez que aseguran ya es hora de que\nvoltee a verlos puesto que necesitan su apoyo para conseguir su salario\npendiente.<\/p>\n","protected":false},"excerpt":{"rendered":"<p>Evlin Arag\u00f3n\/Zona Roja. Oaxaca de Ju\u00e1rez, Oax., 14 de mayo de 2020.- Docentes de la&hellip;<\/p>\n","protected":false},"author":2,"featured_media":12376,"comment_status":"closed","ping_status":"open","sticky":false,"template":"","format":"standard","meta":{"_lmt_disableupdate":"","_lmt_disable":"","_jetpack_memberships_contains_paid_content":false,"footnotes":""},"categories":[109,47],"tags":[312],"class_list":["post-12375","post","type-post","status-publish","format-standard","has-post-thumbnail","hentry","category-minuto-a-minuto","category-zona-gris","tag-seccion-22-del-snte"],"jetpack_featured_media_url":"https:\/\/zonaroja.com.mx\/wp-content\/uploads\/2020\/05\/b3aae6ce-a8eb-4665-8938-0ce236fcbbcf.jpg","jetpack_sharing_enabled":true,"_links":{"self":[{"href":"https:\/\/zonaroja.com.mx\/index.php?rest_route=\/wp\/v2\/posts\/12375","targetHints":{"allow":["GET"]}}],"collection":[{"href":"https:\/\/zonaroja.com.mx\/index.php?rest_route=\/wp\/v2\/posts"}],"about":[{"href":"https:\/\/zonaroja.com.mx\/index.php?rest_route=\/wp\/v2\/types\/post"}],"author":[{"embeddable":true,"href":"https:\/\/zonaroja.com.mx\/index.php?rest_route=\/wp\/v2\/users\/2"}],"replies":[{"embeddable":true,"href":"https:\/\/zonaroja.com.mx\/index.php?rest_route=%2Fwp%2Fv2%2Fcomments&post=12375"}],"version-history":[{"count":1,"href":"https:\/\/zonaroja.com.mx\/index.php?rest_route=\/wp\/v2\/posts\/12375\/revisions"}],"predecessor-version":[{"id":12377,"href":"https:\/\/zonaroja.com.mx\/index.php?rest_route=\/wp\/v2\/posts\/12375\/revisions\/12377"}],"wp:featuredmedia":[{"embeddable":true,"href":"https:\/\/zonaroja.com.mx\/index.php?rest_route=\/wp\/v2\/media\/12376"}],"wp:attachment":[{"href":"https:\/\/zonaroja.com.mx\/index.php?rest_route=%2Fwp%2Fv2%2Fmedia&parent=12375"}],"wp:term":[{"taxonomy":"category","embeddable":true,"href":"https:\/\/zonaroja.com.mx\/index.php?rest_route=%2Fwp%2Fv2%2Fcategories&post=12375"},{"taxonomy":"post_tag","embeddable":true,"href":"https:\/\/zonaroja.com.mx\/index.php?rest_route=%2Fwp%2Fv2%2Ftags&post=12375"}],"curies":[{"name":"wp","href":"https:\/\/api.w.org\/{rel}","templated":true}]}}