{"id":12378,"date":"2020-05-14T12:29:09","date_gmt":"2020-05-14T17:29:09","guid":{"rendered":"http:\/\/www.zonaroja.com.mx\/?p=12378"},"modified":"2020-05-14T12:29:14","modified_gmt":"2020-05-14T17:29:14","slug":"denuncia-diputada-que-establecimientos-comerciales-venden-productos-caducos","status":"publish","type":"post","link":"https:\/\/zonaroja.com.mx\/?p=12378","title":{"rendered":"Denuncia diputada que establecimientos comerciales venden productos caducos"},"content":{"rendered":"\n<p>Redacci\u00f3n\/Zona Roja.<\/p>\n\n\n\n<p>Oaxaca de Ju\u00e1rez, Oax., 14 de mayo de\n2020.- En Oaxaca hoy en d\u00eda se siguen presentando casos de venta de alimentos\ncon fechas de caducidad vencida en tiendas y supermercados, ya que ha\ntrascendido que la delegaci\u00f3n estatal de la Profeco encontr\u00f3 alimentos caducos\ne incluso en descomposici\u00f3n en tiendas Chedraui, Bodega Aurrer\u00e1 y Soriana,\nentre otros.<\/p>\n\n\n\n<p>As\u00ed lo asever\u00f3 la diputada local Magaly\nL\u00f3pez Dom\u00ednguez, quien expuso que de acuerdo con la informaci\u00f3n p\u00fablica, de 70\nvisitas de verificaci\u00f3n realizadas por la dependencia federal, en 42 se acreditaron\nviolaciones a la Ley; esto es, en 60 por ciento de los casos. <\/p>\n\n\n\n<p>\u201cComo se ve, la venta de alimentos\ncaducos no es una excepci\u00f3n de algunos malos empresarios, sino una pr\u00e1ctica\nrecurrente de los comerciantes en los m\u00e1s altos niveles\u201d, asever\u00f3 la\nlegisladora por el Partido Morena.<\/p>\n\n\n\n<p>\u201cLas grandes empresas no tienen escr\u00fapulos y privilegian siempre sus ganancias econ\u00f3micas, incluso por encima de la salud y la vida de las y consumidores, a quienes ponen en riesgo con la venta de estos productos\u201d, dijo.<\/p>\n\n\n\n<figure class=\"wp-block-embed-twitter wp-block-embed is-type-rich is-provider-twitter\"><div class=\"wp-block-embed__wrapper\">\n<div class=\"twitter-tweet\"><blockquote class=\"twitter-tweet\" data-lang=\"es\"><p lang=\"es\" dir=\"ltr\">En tribuna durante la sesi\u00f3n de la Diputaci\u00f3n Permanente del <a href=\"https:\/\/twitter.com\/CongresoOaxLXIV?ref_src=twsrc%5Etfw\">@CongresoOaxLXIV<\/a>, la legisladora por Morena, <a href=\"https:\/\/twitter.com\/Magaly_LopezOax?ref_src=twsrc%5Etfw\">@Magaly_LopezOax<\/a>, denunci\u00f3 la venta de productos caducos en establecimientos comerciales. <br>Plante\u00f3 tambi\u00e9n sanciones a quienes vendan o donen ese tipo de productos. <a href=\"https:\/\/t.co\/5aQnoEwVIt\">pic.twitter.com\/5aQnoEwVIt<\/a><\/p>&mdash; Zona Roja Oaxaca (@MexRoja) <a href=\"https:\/\/twitter.com\/MexRoja\/status\/1260755961301602304?ref_src=twsrc%5Etfw\">14 de mayo de 2020<\/a><\/blockquote><\/div>\n<\/div><\/figure>\n\n\n\n<p>En un Punto de Acuerdo, plante\u00f3 ayer al\nseno de la 64 Legislatura local sanciones que ir\u00edan de diez meses a seis a\u00f1os\nde prisi\u00f3n como penas para quienes donen o regalen productos que han superado\nla fecha de caducidad, siendo mayor el castigo para servidores p\u00fablicos, ya que\nadem\u00e1s se les inhabilitar\u00e1 para tener otro cargo p\u00fablico.<\/p>\n\n\n\n<p>De la misma manera, busca establecer\nesta misma medida para establecimientos que expenden productos en esta\ncondici\u00f3n.<\/p>\n\n\n\n<p>La iniciativa contempla la clausura\ndefinitiva del establecimiento de que se trate en caso de reincidencia. <\/p>\n\n\n\n<p>Adem\u00e1s, se prev\u00e9 aumentar la pena en\nuna mitad m\u00e1s, si las conductas se llevaran a cabo durante o inmediatamente\ndespu\u00e9s de alguna declaratoria de emergencia, ya sea por desastre natural,\nsanitario o de cualquier otra \u00edndole.<\/p>\n\n\n\n<p>La propuesta busca sancionar por la v\u00eda\npenal dicha conducta, adicionando los art\u00edculos 91 bis y 91 ter al C\u00f3digo\nPenal, ubicados en el T\u00edtulo Quinto, que aborda los delitos contra la salud;\nfue turnada a comisiones para su an\u00e1lisis y elaboraci\u00f3n del dictamen\ncorrespondiente.<\/p>\n","protected":false},"excerpt":{"rendered":"<p>Redacci\u00f3n\/Zona Roja. Oaxaca de Ju\u00e1rez, Oax., 14 de mayo de 2020.- En Oaxaca hoy en&hellip;<\/p>\n","protected":false},"author":2,"featured_media":12379,"comment_status":"closed","ping_status":"open","sticky":false,"template":"","format":"standard","meta":{"_lmt_disableupdate":"","_lmt_disable":"","_jetpack_memberships_contains_paid_content":false,"footnotes":""},"categories":[109,46],"tags":[192],"class_list":["post-12378","post","type-post","status-publish","format-standard","has-post-thumbnail","hentry","category-minuto-a-minuto","category-zona-blanca","tag-diputada-magaly-lopez-dominguez"],"jetpack_featured_media_url":"https:\/\/zonaroja.com.mx\/wp-content\/uploads\/2020\/05\/Establecimientos-venden-productos-caducos-advierte-diputada.jpeg","jetpack_sharing_enabled":true,"_links":{"self":[{"href":"https:\/\/zonaroja.com.mx\/index.php?rest_route=\/wp\/v2\/posts\/12378","targetHints":{"allow":["GET"]}}],"collection":[{"href":"https:\/\/zonaroja.com.mx\/index.php?rest_route=\/wp\/v2\/posts"}],"about":[{"href":"https:\/\/zonaroja.com.mx\/index.php?rest_route=\/wp\/v2\/types\/post"}],"author":[{"embeddable":true,"href":"https:\/\/zonaroja.com.mx\/index.php?rest_route=\/wp\/v2\/users\/2"}],"replies":[{"embeddable":true,"href":"https:\/\/zonaroja.com.mx\/index.php?rest_route=%2Fwp%2Fv2%2Fcomments&post=12378"}],"version-history":[{"count":1,"href":"https:\/\/zonaroja.com.mx\/index.php?rest_route=\/wp\/v2\/posts\/12378\/revisions"}],"predecessor-version":[{"id":12380,"href":"https:\/\/zonaroja.com.mx\/index.php?rest_route=\/wp\/v2\/posts\/12378\/revisions\/12380"}],"wp:featuredmedia":[{"embeddable":true,"href":"https:\/\/zonaroja.com.mx\/index.php?rest_route=\/wp\/v2\/media\/12379"}],"wp:attachment":[{"href":"https:\/\/zonaroja.com.mx\/index.php?rest_route=%2Fwp%2Fv2%2Fmedia&parent=12378"}],"wp:term":[{"taxonomy":"category","embeddable":true,"href":"https:\/\/zonaroja.com.mx\/index.php?rest_route=%2Fwp%2Fv2%2Fcategories&post=12378"},{"taxonomy":"post_tag","embeddable":true,"href":"https:\/\/zonaroja.com.mx\/index.php?rest_route=%2Fwp%2Fv2%2Ftags&post=12378"}],"curies":[{"name":"wp","href":"https:\/\/api.w.org\/{rel}","templated":true}]}}