{"id":12381,"date":"2020-05-14T14:29:02","date_gmt":"2020-05-14T19:29:02","guid":{"rendered":"http:\/\/www.zonaroja.com.mx\/?p=12381"},"modified":"2020-05-14T14:29:05","modified_gmt":"2020-05-14T19:29:05","slug":"otro-hospital-colapsado-por-covid-en-oaxaca-y-a-punto-de-cerrar","status":"publish","type":"post","link":"https:\/\/zonaroja.com.mx\/?p=12381","title":{"rendered":"Otro hospital colapsado por Covid en Oaxaca y a punto de cerrar"},"content":{"rendered":"\n<p>Redacci\u00f3n\/Zona Roja.<\/p>\n\n\n\n<p>Oaxaca de Ju\u00e1rez, Oax., 14 de mayo de\n2020.- Un tercer hospital p\u00fablico de Oaxaca est\u00e1 a punto del colapso por el\ncoronavirus Covid-19.<\/p>\n\n\n\n<p>Se trata del nosocomio de los Servicios\nde Salud de Oaxaca (SSO) ubicado en Tamazul\u00e1pam del Esp\u00edritu Santo, en la\nregi\u00f3n Sierra Norte, que registra al menos nueve trabajadores contagiados,\nincluyendo al director.<\/p>\n\n\n\n<p>Por ello, desde ayer disminuy\u00f3 la\natenci\u00f3n m\u00e9dica a comunidades de la zona Mixe \u00fanicamente para asuntos de\nemergencia. En tanto, m\u00e9dicos y enfermeras valoran cerrarlo de un momento a\notro, ante la posible expansi\u00f3n del virus en dicho hospital.<\/p>\n\n\n\n<p>De acuerdo con informaci\u00f3n de los\ntrabajadores, de 15 administrativos, nueve salieron positivos a Covid-19,\nincluyendo el director Roberto Salvador Luna.<\/p>\n\n\n\n<p>Asimismo, el resto del personal se\nmantiene en cuarentena, en espera de ex\u00e1menes de laboratorio para confirmar o\ndescartar el virus.<\/p>\n\n\n\n<p>Pese a que lo ha negado la dependencia\nServicios de Salud, el nosocomio est\u00e1 pr\u00e1cticamente paralizado y en breve\ncerrar\u00eda sus puertas al p\u00fablico.<\/p>\n\n\n\n<p>Con 12 camas, brinda atenci\u00f3n de\nsegundo nivel a comunidades del distrito de Ayutla, que en su mayor\u00eda no tienen\nacceso a servicios m\u00e9dicos debido a su distancia con la ciudad de Oaxaca.<\/p>\n\n\n\n<p>En tanto, hoy por la ma\u00f1ana el Hospital\nRegional de Alta Especialidad de Oaxaca, ubicado en San Bartolo Coyotepec y\ndestinado para atenci\u00f3n a la emergencia sanitaria, inform\u00f3 a trav\u00e9s de un\ncomunicado que se encuentra saturado y ya no recibir\u00e1 a m\u00e1s pacientes con\nCovid-19.<\/p>\n\n\n\n<p>Por otra parte, el Hospital de Zona\nn\u00famero 1 del Instituto Mexicano del Seguro Social, ubicado en la ciudad de\nOaxaca, tambi\u00e9n se ha declarado pr\u00e1cticamente lleno de pacientes infectados.<\/p>\n\n\n\n<p>De emergencia, el gobierno de Oaxaca\ninform\u00f3 que este jueves fue habilitado el Hospital General \u201cDr. Aurelio\nValdivieso\u201d de la capital para atender a contagiados del nuevo coronavirus.<\/p>\n\n\n\n<p>De manera frecuente, los trabajadores,\ndirectivos y sindicalizados se han quejado de falta de medicamentos y equipos de\nprotecci\u00f3n para realizar sus labores.<\/p>\n","protected":false},"excerpt":{"rendered":"<p>Redacci\u00f3n\/Zona Roja. Oaxaca de Ju\u00e1rez, Oax., 14 de mayo de 2020.- Un tercer hospital p\u00fablico&hellip;<\/p>\n","protected":false},"author":2,"featured_media":12382,"comment_status":"closed","ping_status":"open","sticky":false,"template":"","format":"standard","meta":{"_lmt_disableupdate":"","_lmt_disable":"","_jetpack_memberships_contains_paid_content":false,"footnotes":""},"categories":[47],"tags":[1512],"class_list":["post-12381","post","type-post","status-publish","format-standard","has-post-thumbnail","hentry","category-zona-gris","tag-coronavirus-oaxaca"],"jetpack_featured_media_url":"https:\/\/zonaroja.com.mx\/wp-content\/uploads\/2020\/05\/Hospital-Tamazul\u00e1pam2.jpg","jetpack_sharing_enabled":true,"_links":{"self":[{"href":"https:\/\/zonaroja.com.mx\/index.php?rest_route=\/wp\/v2\/posts\/12381","targetHints":{"allow":["GET"]}}],"collection":[{"href":"https:\/\/zonaroja.com.mx\/index.php?rest_route=\/wp\/v2\/posts"}],"about":[{"href":"https:\/\/zonaroja.com.mx\/index.php?rest_route=\/wp\/v2\/types\/post"}],"author":[{"embeddable":true,"href":"https:\/\/zonaroja.com.mx\/index.php?rest_route=\/wp\/v2\/users\/2"}],"replies":[{"embeddable":true,"href":"https:\/\/zonaroja.com.mx\/index.php?rest_route=%2Fwp%2Fv2%2Fcomments&post=12381"}],"version-history":[{"count":1,"href":"https:\/\/zonaroja.com.mx\/index.php?rest_route=\/wp\/v2\/posts\/12381\/revisions"}],"predecessor-version":[{"id":12383,"href":"https:\/\/zonaroja.com.mx\/index.php?rest_route=\/wp\/v2\/posts\/12381\/revisions\/12383"}],"wp:featuredmedia":[{"embeddable":true,"href":"https:\/\/zonaroja.com.mx\/index.php?rest_route=\/wp\/v2\/media\/12382"}],"wp:attachment":[{"href":"https:\/\/zonaroja.com.mx\/index.php?rest_route=%2Fwp%2Fv2%2Fmedia&parent=12381"}],"wp:term":[{"taxonomy":"category","embeddable":true,"href":"https:\/\/zonaroja.com.mx\/index.php?rest_route=%2Fwp%2Fv2%2Fcategories&post=12381"},{"taxonomy":"post_tag","embeddable":true,"href":"https:\/\/zonaroja.com.mx\/index.php?rest_route=%2Fwp%2Fv2%2Ftags&post=12381"}],"curies":[{"name":"wp","href":"https:\/\/api.w.org\/{rel}","templated":true}]}}