{"id":12384,"date":"2020-05-14T15:47:56","date_gmt":"2020-05-14T20:47:56","guid":{"rendered":"http:\/\/www.zonaroja.com.mx\/?p=12384"},"modified":"2020-05-14T15:47:59","modified_gmt":"2020-05-14T20:47:59","slug":"fiscalia-general-sumisa-y-subordinada-al-poder-ejecutivo-diputado","status":"publish","type":"post","link":"https:\/\/zonaroja.com.mx\/?p=12384","title":{"rendered":"Fiscal\u00eda General, sumisa y subordinada al Poder Ejecutivo: diputado"},"content":{"rendered":"\n<p>Yuridiana Sosa\/Zona Roja.<\/p>\n\n\n\n<p>Oaxaca de Ju\u00e1rez, Oax., 14 de mayo de\n2020.- Sin respeto a la autonom\u00eda del \u00f3rgano, la Fiscal\u00eda General del Estado de\nOaxaca se subordin\u00f3 al Poder Ejecutivo, al asistir a un acto p\u00fablico en\nrepresentaci\u00f3n del gobernador Alejandro Murat.<\/p>\n\n\n\n<p>\u201cEl fiscal General Rub\u00e9n Vasconcelos,\nacudi\u00f3 a la ceremonia de toma de posesi\u00f3n y protesta de Bandera como comandante\nde la 28 Zona Militar, del ciudadano General de Brigada Diplomado de Estado\nMayor, Esa\u00fa Rodr\u00edguez Cu\u00e9llar, en representaci\u00f3n del gobernador Alejandro Murat\nHinojosa\u201d, fue el tuit que emiti\u00f3 el Gobierno del Estado hace dos semanas, y el\ncual cit\u00f3 el legislador Oth\u00f3n Cuevas C\u00f3rdova.<\/p>\n\n\n\n<p>Durante su participaci\u00f3n en tribuna\nayer en la sesi\u00f3n ordinaria de la Diputaci\u00f3n Permanente de la 64 Legislatura,\nel diputado por Morena enfatiz\u00f3: <\/p>\n\n\n\n<p>\u201cC\u00f3mo te ayudamos, digo. La\ntransgresi\u00f3n a la autonom\u00eda se extiende al propio titular de la Fiscal\u00eda (Rub\u00e9n\nVasconcelos M\u00e9ndez), ya que hasta el momento no ha hecho ning\u00fan pronunciamiento\nal respecto. <\/p>\n\n\n\n<p>\u201cNo puede un fiscal acudir en\nrepresentaci\u00f3n del titular del Poder Ejecutivo, porque entonces en d\u00f3nde queda\nla autonom\u00eda\u201d, dijo durante la presentaci\u00f3n de dos puntos de exhorto.<\/p>\n\n\n\n<p>\u201cConsecuentemente nos encontramos ante actos de intromisi\u00f3n, dependencia y subordinaci\u00f3n, se\u00f1alados por la Suprema Corte de Justicia de la Naci\u00f3n\u201d, a\u00f1adi\u00f3, al citar ordenamientos al respecto.<\/p>\n\n\n\n<figure class=\"wp-block-embed-twitter wp-block-embed is-type-rich is-provider-twitter\"><div class=\"wp-block-embed__wrapper\">\n<div class=\"twitter-tweet\"><blockquote class=\"twitter-tweet\" data-lang=\"es\"><p lang=\"es\" dir=\"ltr\">(1) En la sesi\u00f3n ordinaria de la Diputaci\u00f3n Permanente del <a href=\"https:\/\/twitter.com\/CongresoOaxLXIV?ref_src=twsrc%5Etfw\">@CongresoOaxLXIV<\/a> ayer, el diputado <a href=\"https:\/\/twitter.com\/othoncuevas?ref_src=twsrc%5Etfw\">@othoncuevas<\/a> critic\u00f3 la sumisi\u00f3n del titular de la <a href=\"https:\/\/twitter.com\/FISCALIA_GobOax?ref_src=twsrc%5Etfw\">@FISCALIA_GobOax<\/a>, <a href=\"https:\/\/twitter.com\/RVasconcelosM?ref_src=twsrc%5Etfw\">@RVasconcelosM<\/a>, al Poder Ejecutivo estatal, al no respetar la autonom\u00eda de esa instancia. <a href=\"https:\/\/twitter.com\/rosyramales?ref_src=twsrc%5Etfw\">@rosyramales<\/a> <a href=\"https:\/\/twitter.com\/ELPINERO?ref_src=twsrc%5Etfw\">@ELPINERO<\/a> <a href=\"https:\/\/t.co\/LXOvQKzxwq\">pic.twitter.com\/LXOvQKzxwq<\/a><\/p>&mdash; Zona Roja Oaxaca (@MexRoja) <a href=\"https:\/\/twitter.com\/MexRoja\/status\/1260942871756181504?ref_src=twsrc%5Etfw\">14 de mayo de 2020<\/a><\/blockquote><\/div>\n<\/div><\/figure>\n\n\n\n<p>TAMBI\u00c9N IAIP<\/p>\n\n\n\n<p>Cuevas C\u00f3rdoba manifest\u00f3 que el Poder\nEjecutivo de Oaxaca a cargo de Alejandro Murat Hinojosa presenta actos de\nintromisi\u00f3n y subordinaci\u00f3n en otros poderes y organismo.<\/p>\n\n\n\n<p>Como fue el caso tambi\u00e9n del\nnombramiento de la Comisionada Presidenta del Consejo General del IAIP, Mar\u00eda\nAntonieta Vel\u00e1squez Chagoya, de manera directa y no por medio del voto\nmayoritario de los integrantes del Consejo General del organismo, como se\nestablece en el art\u00edculo 91, de la Ley de Transparencia y Acceso a la\nInformaci\u00f3n P\u00fablica para el Estado de Oaxaca.<\/p>\n\n\n\n<p>Critic\u00f3 que \u00e9sta haya agradecido al\ngobernador su designaci\u00f3n como presidenta, cuando tambi\u00e9n es un organismo\naut\u00f3nomo.<\/p>\n\n\n\n<p>\u201cInmediatamente despu\u00e9s en que se diera\na conocer en diversos medios de comunicaci\u00f3n su nombramiento, public\u00f3 en su red\nsocial Twitter un mensaje en donde manifiesta expresamente que el gobernador le\nconfi\u00f3 el cargo de comisionada presidenta.<\/p>\n\n\n\n<p>\u201cRecordemos que el nombramiento de esos\nespacios son del Congreso y no darle las gracias al gobernador\u201d, expuso el\ndiputado por Morena.<\/p>\n\n\n\n<p>En los Punto de Acuerdo hizo referencia\nal estado de vulnerabilidad en que se encuentran dos instituciones en la\nentidad sobre la influencia del Ejecutivo estatal.<\/p>\n","protected":false},"excerpt":{"rendered":"<p>Yuridiana Sosa\/Zona Roja. Oaxaca de Ju\u00e1rez, Oax., 14 de mayo de 2020.- Sin respeto a&hellip;<\/p>\n","protected":false},"author":2,"featured_media":12385,"comment_status":"closed","ping_status":"open","sticky":false,"template":"","format":"standard","meta":{"_lmt_disableupdate":"","_lmt_disable":"","_jetpack_memberships_contains_paid_content":false,"footnotes":""},"categories":[109,47],"tags":[1311],"class_list":["post-12384","post","type-post","status-publish","format-standard","has-post-thumbnail","hentry","category-minuto-a-minuto","category-zona-gris","tag-othon-cuevas-cordova"],"jetpack_featured_media_url":"https:\/\/zonaroja.com.mx\/wp-content\/uploads\/2020\/05\/Oth\u00f3n-Cuevas-C\u00f3rdova.jpg","jetpack_sharing_enabled":true,"_links":{"self":[{"href":"https:\/\/zonaroja.com.mx\/index.php?rest_route=\/wp\/v2\/posts\/12384","targetHints":{"allow":["GET"]}}],"collection":[{"href":"https:\/\/zonaroja.com.mx\/index.php?rest_route=\/wp\/v2\/posts"}],"about":[{"href":"https:\/\/zonaroja.com.mx\/index.php?rest_route=\/wp\/v2\/types\/post"}],"author":[{"embeddable":true,"href":"https:\/\/zonaroja.com.mx\/index.php?rest_route=\/wp\/v2\/users\/2"}],"replies":[{"embeddable":true,"href":"https:\/\/zonaroja.com.mx\/index.php?rest_route=%2Fwp%2Fv2%2Fcomments&post=12384"}],"version-history":[{"count":1,"href":"https:\/\/zonaroja.com.mx\/index.php?rest_route=\/wp\/v2\/posts\/12384\/revisions"}],"predecessor-version":[{"id":12386,"href":"https:\/\/zonaroja.com.mx\/index.php?rest_route=\/wp\/v2\/posts\/12384\/revisions\/12386"}],"wp:featuredmedia":[{"embeddable":true,"href":"https:\/\/zonaroja.com.mx\/index.php?rest_route=\/wp\/v2\/media\/12385"}],"wp:attachment":[{"href":"https:\/\/zonaroja.com.mx\/index.php?rest_route=%2Fwp%2Fv2%2Fmedia&parent=12384"}],"wp:term":[{"taxonomy":"category","embeddable":true,"href":"https:\/\/zonaroja.com.mx\/index.php?rest_route=%2Fwp%2Fv2%2Fcategories&post=12384"},{"taxonomy":"post_tag","embeddable":true,"href":"https:\/\/zonaroja.com.mx\/index.php?rest_route=%2Fwp%2Fv2%2Ftags&post=12384"}],"curies":[{"name":"wp","href":"https:\/\/api.w.org\/{rel}","templated":true}]}}