{"id":12387,"date":"2020-05-14T15:58:10","date_gmt":"2020-05-14T20:58:10","guid":{"rendered":"http:\/\/www.zonaroja.com.mx\/?p=12387"},"modified":"2020-05-14T15:58:14","modified_gmt":"2020-05-14T20:58:14","slug":"resalta-rector-logros-en-la-uabjo-en-su-cuarto-informe","status":"publish","type":"post","link":"https:\/\/zonaroja.com.mx\/?p=12387","title":{"rendered":"Resalta rector logros en la UABJO en su cuarto informe"},"content":{"rendered":"\n<p>Evlin Arag\u00f3n\/Zona Rojo<\/p>\n\n\n\n<p>Oaxaca de Ju\u00e1rez, Oax., 14 de mayo de\n2020.- <\/p>\n\n\n\n<p>\u201cSomos un proyecto educativo\nfundamental en la historia, presente y futuro de nuestro estado y de nuestro\npa\u00eds. Una comunidad plural y activa conformada por m\u00e1s de 30 mil personas que\ntrabajan d\u00eda a d\u00eda en la formaci\u00f3n de generaciones de profesionistas que\naportan a la construcci\u00f3n de M\u00e9xico\u201d.<\/p>\n\n\n\n<p>Es parte del mensaje a trav\u00e9s de un video\ncon el que el rector de la Universidad Aut\u00f3noma \u201cBenito Ju\u00e1rez\u201d de Oaxaca\n(UABJO), Eduardo Bautista Mart\u00ednez, presenta su cuarto y \u00faltimo informe de\nactividades.<\/p>\n\n\n\n<p>Lo anterior debido a la emergencia\nsanitaria por la pandemia por Covid-19 que vive el mundo en estos momentos y\nante el confinamiento obligado determinado por las autoridades sanitarias en\nM\u00e9xico, que impiden las concentraciones masivas e incluso las actividades\nacad\u00e9micas en los centros escolares que han cerrado sus puertas y trasladado\nsus jornadas al \u00e1mbito digital.<\/p>\n\n\n\n<p>En este \u00faltimo informe de actividades,\nBautista Mart\u00ednez destaca los logros de los cuatro a\u00f1os que ha estado al frente\nde la m\u00e1xima casa de estudios en Oaxaca y cuyo mandato conclu\u00eda este mes de\nmayo; sin embargo, la Comisi\u00f3n Electoral autoriz\u00f3 la ampliaci\u00f3n de su mandato por\nunos meses, debido a la contingencia sanitaria.<\/p>\n\n\n\n<p>El responsable de la m\u00e1xima casa de\nestudios destaca la creaci\u00f3n de 24 nuevos programas de estudios y 11 nuevas sedes\ndel Centro de Educaci\u00f3n Contin\u00faa, Abierta y a Distancia (Cecad), dando\ncumplimiento a la pol\u00edtica de diversificaci\u00f3n y desconcentraci\u00f3n de la oferta\neducativa, dando cobertura en las ocho regiones del estado.<\/p>\n\n\n\n<p>Durante el periodo del 2016 al 2020, se ha realizado la firma de 30 convenios para generar las alianzas necesarias que impacten\u00a0 en el desarrollo universitario y se ha invertido en procesos de reconocimiento a la calidad acad\u00e9mica, prueba de ello el reconocimiento de la Facultad de Medicina y Cirug\u00eda que se ubica en el ranking de m\u00e1s mejores del pa\u00eds.<\/p>\n\n\n\n<figure class=\"wp-block-embed-youtube wp-block-embed is-type-video is-provider-youtube wp-embed-aspect-16-9 wp-has-aspect-ratio\"><div class=\"wp-block-embed__wrapper\">\n<iframe title=\"4o INFORME DE ACCIONES UNIVERSITARIAS: EDUARDO BAUTISTA - RECTOR\" width=\"1170\" height=\"658\" src=\"https:\/\/www.youtube.com\/embed\/t9OswoaiI6I?feature=oembed\" frameborder=\"0\" allow=\"accelerometer; autoplay; encrypted-media; gyroscope; picture-in-picture\" allowfullscreen><\/iframe>\n<\/div><\/figure>\n\n\n\n<p>As\u00ed mismo, se crearon 19 programas a\nnivel posgrado de los cuales siete est\u00e1n integrados al Padr\u00f3n Nacional de\nCalidad del Consejo Nacionalidad Ciencia y Tecnolog\u00eda (Conacyt) en donde\ntambi\u00e9n est\u00e1n inscritos 58 docentes de la UABJO.<\/p>\n\n\n\n<p>La m\u00e1xima autoridad universitaria\ndestac\u00f3 la aprobaci\u00f3n del Nuevo Modelo Educativo que tuvo su aprobaci\u00f3n el\npasado mes de noviembre por el Consejo Universitario; as\u00ed como el Protocolo\npara la Prevenci\u00f3n, Atenci\u00f3n y Erradicaci\u00f3n de la Discriminaci\u00f3n, el\nHostigamiento, Acoso Sexual y la Violencia en contra de las Mujeres.&nbsp; <\/p>\n\n\n\n<p>De igual forma, manifest\u00f3 que 474\nestudiantes participamos en programas de intercambio de conocimiento a nivel\nnacional e internacional, y m\u00e1s 55 mil estudiantes cuentan con becas en\ndistintas modalidades y otorgadas por instituciones p\u00fablicas y privada.<\/p>\n\n\n\n<p>Finalmente manifest\u00f3 que durante este lapso\nse realizaron 36 auditor\u00edas en materia administrativa, financiera y de\nmatr\u00edcula por \u00f3rganos auditores como la Auditor\u00eda Superior de la Federaci\u00f3n, la\nSecretar\u00eda de la Funci\u00f3n P\u00fablica y el \u00d3rgano de Fiscalizaci\u00f3n del Estado,\ncumpliendo con la pol\u00edtica de transparencia y rendici\u00f3n de cuentas al interior\nde la m\u00e1xima casa de estudios.<\/p>\n\n\n\n<p>Debido a la contingencia sanitaria, ser\u00eda\nhasta el mes de septiembre que se realice la elecci\u00f3n de una nueva autoridad\nque estar\u00e1 al frente de la universidad oaxaque\u00f1o los pr\u00f3ximos cuatro a\u00f1os,\nluego de concluir este \u00faltimo periodo extraordinario.<\/p>\n","protected":false},"excerpt":{"rendered":"<p>Evlin Arag\u00f3n\/Zona Rojo Oaxaca de Ju\u00e1rez, Oax., 14 de mayo de 2020.- \u201cSomos un proyecto&hellip;<\/p>\n","protected":false},"author":2,"featured_media":12388,"comment_status":"closed","ping_status":"open","sticky":false,"template":"","format":"standard","meta":{"_lmt_disableupdate":"","_lmt_disable":"","_jetpack_memberships_contains_paid_content":false,"footnotes":""},"categories":[109,46],"tags":[360,282],"class_list":["post-12387","post","type-post","status-publish","format-standard","has-post-thumbnail","hentry","category-minuto-a-minuto","category-zona-blanca","tag-rector-eduardo-bautista-martinez","tag-universidad-autonoma-benito-juarez-de-oaxaca"],"jetpack_featured_media_url":"https:\/\/zonaroja.com.mx\/wp-content\/uploads\/2020\/05\/Eduardo-Bautista-Mart\u00ednez.jpg","jetpack_sharing_enabled":true,"_links":{"self":[{"href":"https:\/\/zonaroja.com.mx\/index.php?rest_route=\/wp\/v2\/posts\/12387","targetHints":{"allow":["GET"]}}],"collection":[{"href":"https:\/\/zonaroja.com.mx\/index.php?rest_route=\/wp\/v2\/posts"}],"about":[{"href":"https:\/\/zonaroja.com.mx\/index.php?rest_route=\/wp\/v2\/types\/post"}],"author":[{"embeddable":true,"href":"https:\/\/zonaroja.com.mx\/index.php?rest_route=\/wp\/v2\/users\/2"}],"replies":[{"embeddable":true,"href":"https:\/\/zonaroja.com.mx\/index.php?rest_route=%2Fwp%2Fv2%2Fcomments&post=12387"}],"version-history":[{"count":1,"href":"https:\/\/zonaroja.com.mx\/index.php?rest_route=\/wp\/v2\/posts\/12387\/revisions"}],"predecessor-version":[{"id":12389,"href":"https:\/\/zonaroja.com.mx\/index.php?rest_route=\/wp\/v2\/posts\/12387\/revisions\/12389"}],"wp:featuredmedia":[{"embeddable":true,"href":"https:\/\/zonaroja.com.mx\/index.php?rest_route=\/wp\/v2\/media\/12388"}],"wp:attachment":[{"href":"https:\/\/zonaroja.com.mx\/index.php?rest_route=%2Fwp%2Fv2%2Fmedia&parent=12387"}],"wp:term":[{"taxonomy":"category","embeddable":true,"href":"https:\/\/zonaroja.com.mx\/index.php?rest_route=%2Fwp%2Fv2%2Fcategories&post=12387"},{"taxonomy":"post_tag","embeddable":true,"href":"https:\/\/zonaroja.com.mx\/index.php?rest_route=%2Fwp%2Fv2%2Ftags&post=12387"}],"curies":[{"name":"wp","href":"https:\/\/api.w.org\/{rel}","templated":true}]}}