{"id":12393,"date":"2020-05-14T19:47:45","date_gmt":"2020-05-15T00:47:45","guid":{"rendered":"http:\/\/www.zonaroja.com.mx\/?p=12393"},"modified":"2020-05-14T19:47:49","modified_gmt":"2020-05-15T00:47:49","slug":"piden-atencion-especial-a-comunidades-indigenas-por-covid-19","status":"publish","type":"post","link":"https:\/\/zonaroja.com.mx\/?p=12393","title":{"rendered":"Piden atenci\u00f3n especial a comunidades ind\u00edgenas por Covid-19"},"content":{"rendered":"\n<p>Evlin Arag\u00f3n\/Zona Roja.<\/p>\n\n\n\n<p>Oaxaca de Ju\u00e1rez, Oax., 14 de mayo de\n2020.- Organizaciones sociales exigieron a las autoridades federales establecer\nun mecanismo de atenci\u00f3n integral inmediata a comunidades ind\u00edgenas para la\nprevenci\u00f3n y atenci\u00f3n de riesgos por Covid-19, ya que se encuentran en especial\nvulnerabilidad ante el olvido por parte de las instituciones de salud p\u00fablica,\nprovocando la violaci\u00f3n sistem\u00e1tica de su derecho a la salud.<\/p>\n\n\n\n<p>En un documento firmado por 15 organizaciones\nque realizan trabajo de campo, refieren que son las localidades que se ubican\nal interior del estado las que en mayor medida carecen de infraestructura,\npersonal m\u00e9dico y abasto continuo de medicamentos, a lo que se suma la\ndiscriminaci\u00f3n institucional en los centros de salud.<\/p>\n\n\n\n<p>Independientemente del acceso a la\nsalud, los organismos sociales piden que se atiendan de forma particular por\nlas autoridades estatales y federales, rubros como la migraci\u00f3n, empleo,\nalimentaci\u00f3n y el respeto al territorio que en estos momentos ante el\nconfinamiento est\u00e1 siendo afectado.<\/p>\n\n\n\n<p>As\u00ed lo exponen al advertir que las\ncomunidades se enfrentan a una capacidad reducida para la defensa de sus\nterritorios y del medio ambiente, pues sus espacios para la toma de decisiones\ncomunitarias est\u00e1n restringidos y el acceso a las instituciones de impartici\u00f3n\nde justicia se encuentra limitado. <\/p>\n\n\n\n<p>Por ello, piden a la autoridad federal\nsuspender los proyectos de infraestructura a gran escala en los territorios\nind\u00edgenas que se realizan sin su consentimiento expreso, ya que en estos\nmomentos las comunidades que hist\u00f3ricamente se han defendido en contra del\nabuso corporativo o estatal, no est\u00e1n en condiciones de defender su territorio.\n<\/p>\n\n\n\n<p>As\u00ed mismo, tomar en cuenta que las\npoblaciones ind\u00edgenas reciben de manera cotidiana el flujo de migrantes\nprovenientes del pa\u00eds vecino del norte, lo que obliga a las autoridades a\nestablecer acciones especiales para dar atenci\u00f3n a la situaci\u00f3n, debido al\nriesgo que representa.<\/p>\n\n\n\n<p>Ante el escenario anterior, exigen la\nimplementaci\u00f3n de protocolos y espacios-albergues acondicionados para la\ncuarentena, brind\u00e1ndoles informaci\u00f3n en su lengua materna sobre los cuidados y\nmedidas de seguridad que deben tener al llegar a sus hogares; sin descuidar el\nmonitoreo y seguimiento adecuado a los migrantes que regresan a sus\ncomunidades, en cuidado de su dignidad.<\/p>\n\n\n\n<p>Dentro de las demandas tambi\u00e9n se\nincluyen el apoyo en los rubros econ\u00f3micos y alimentarios ya que se ponen de\nmanifiesto las complicaciones que trae consigui\u00f3 la pandemia por Covid-19 para\natender las necesidades b\u00e1sicas de la poblaci\u00f3n.<\/p>\n\n\n\n<p>\u201cLa seguridad alimentaria de las\ncomunidades se encuentra en riesgo ante la ca\u00edda de sus ingresos y el alza de\nlos precios en los insumos de la canasta b\u00e1sica, as\u00ed como la ruptura de cadenas\nproductivas y comerciales; por ello es necesario implantar un apoyo monetario,\ndirecto, mensual y no condicionado, o renta b\u00e1sica por lo menos durante los\nmeses que dure la crisis\u201d, cita el documento.<\/p>\n\n\n\n<p>De forma particular, solicitan recursos\nsuficientes para atender la violencia de g\u00e9nero en esta emergencia sanitaria,\nmisma que aunque las autoridades han negado, es una realidad que ha ido en\naumento al interior de los hogares en las \u00faltimas semanas de confinamiento.<\/p>\n\n\n\n<p>Por todo lo anterior piden abrir un\nespacio de di\u00e1logo y colaboraci\u00f3n con la sociedad civil, que permita enfrentar\nesta crisis desde m\u00faltiples lugares; reconociendo los esfuerzos que ya est\u00e1n\nrealizando las comunidades para enfrentar la crisis por la pandemia desde sus\npropios modos de vida y organizaci\u00f3n.<\/p>\n\n\n\n<p>Algunas de las organizaciones firmantes\nson: Aura Investigaci\u00f3n Estrat\u00e9gica; Centro de Capacitaci\u00f3n en Ecolog\u00eda y Salud\npara Campesinos- Defensor\u00eda del Derecho a la Salud (CCESC); Centro de Derechos\nHumanos Fray Bartolom\u00e9 de las Casas; Fundar Centro de An\u00e1lisis e Investigaci\u00f3n;\nServicios para una Educaci\u00f3n Alternativa; y Servicios y Asesor\u00eda para La Paz.<\/p>\n","protected":false},"excerpt":{"rendered":"<p>Evlin Arag\u00f3n\/Zona Roja. Oaxaca de Ju\u00e1rez, Oax., 14 de mayo de 2020.- Organizaciones sociales exigieron&hellip;<\/p>\n","protected":false},"author":2,"featured_media":12394,"comment_status":"closed","ping_status":"open","sticky":false,"template":"","format":"standard","meta":{"_lmt_disableupdate":"","_lmt_disable":"","_jetpack_memberships_contains_paid_content":false,"footnotes":""},"categories":[109,47],"tags":[1512],"class_list":["post-12393","post","type-post","status-publish","format-standard","has-post-thumbnail","hentry","category-minuto-a-minuto","category-zona-gris","tag-coronavirus-oaxaca"],"jetpack_featured_media_url":"https:\/\/zonaroja.com.mx\/wp-content\/uploads\/2020\/05\/IMG_9135.jpg","jetpack_sharing_enabled":true,"_links":{"self":[{"href":"https:\/\/zonaroja.com.mx\/index.php?rest_route=\/wp\/v2\/posts\/12393","targetHints":{"allow":["GET"]}}],"collection":[{"href":"https:\/\/zonaroja.com.mx\/index.php?rest_route=\/wp\/v2\/posts"}],"about":[{"href":"https:\/\/zonaroja.com.mx\/index.php?rest_route=\/wp\/v2\/types\/post"}],"author":[{"embeddable":true,"href":"https:\/\/zonaroja.com.mx\/index.php?rest_route=\/wp\/v2\/users\/2"}],"replies":[{"embeddable":true,"href":"https:\/\/zonaroja.com.mx\/index.php?rest_route=%2Fwp%2Fv2%2Fcomments&post=12393"}],"version-history":[{"count":1,"href":"https:\/\/zonaroja.com.mx\/index.php?rest_route=\/wp\/v2\/posts\/12393\/revisions"}],"predecessor-version":[{"id":12395,"href":"https:\/\/zonaroja.com.mx\/index.php?rest_route=\/wp\/v2\/posts\/12393\/revisions\/12395"}],"wp:featuredmedia":[{"embeddable":true,"href":"https:\/\/zonaroja.com.mx\/index.php?rest_route=\/wp\/v2\/media\/12394"}],"wp:attachment":[{"href":"https:\/\/zonaroja.com.mx\/index.php?rest_route=%2Fwp%2Fv2%2Fmedia&parent=12393"}],"wp:term":[{"taxonomy":"category","embeddable":true,"href":"https:\/\/zonaroja.com.mx\/index.php?rest_route=%2Fwp%2Fv2%2Fcategories&post=12393"},{"taxonomy":"post_tag","embeddable":true,"href":"https:\/\/zonaroja.com.mx\/index.php?rest_route=%2Fwp%2Fv2%2Ftags&post=12393"}],"curies":[{"name":"wp","href":"https:\/\/api.w.org\/{rel}","templated":true}]}}