{"id":12396,"date":"2020-05-14T19:58:28","date_gmt":"2020-05-15T00:58:28","guid":{"rendered":"http:\/\/www.zonaroja.com.mx\/?p=12396"},"modified":"2020-05-14T20:33:27","modified_gmt":"2020-05-15T01:33:27","slug":"una-menor-de-edad-mas-desaparecida-en-tuxtepec-hace-un-mes-fue-itzel","status":"publish","type":"post","link":"https:\/\/zonaroja.com.mx\/?p=12396","title":{"rendered":"Una menor de edad m\u00e1s desaparecida en Tuxtepec; hace un mes fue Itzel"},"content":{"rendered":"\n<p>Yuridiana Sosa\/Zona Roja.<\/p>\n\n\n\n<p>San Juan Bautista Tuxtepec, Oax., 14 de\nmayo de 2020.- Una menor de edad fue reportada la noche de este mi\u00e9rcoles como\ndesaparecida en Tuxtepec; su caso se suma al de al menos otras tres j\u00f3venes que\nhan desaparecido y no han sido localizadas en el transcurso de dos meses.<\/p>\n\n\n\n<p>A trav\u00e9s de la Unidad de B\u00fasqueda de\nPersonas No Localizadas y Desaparecidas se difundi\u00f3 la ficha para encontrar a\nGloria Uscanga Balanzar, de 13 a\u00f1os de edad, vista por \u00faltima vez el pasado 9\nde mayo en el ejido de Ignacio Zaragoza de San Juan Bautista Tuxtepec.<\/p>\n\n\n\n<p>La menor de edad, de 1.50 metros,\nvest\u00eda una blusa de color azul manga corta, pantal\u00f3n azul cielo de mezclilla,\ndeslavado y roto, y calzaba tenis negros.<\/p>\n\n\n\n<p>El pasado 6 de mayo, Casandra Ram\u00edrez,\nde 23 a\u00f1os, tambi\u00e9n fue reportada como desaparecida, luego de asistir a una\nentrevista para un empleo en una colonia al norte de la ciudad, en zona\nhabitacional. A\u00fan no es localizada.<\/p>\n\n\n\n<p>Hace un mes, el pasado 14 de abril tambi\u00e9n se report\u00f3 la no localizaci\u00f3n de Itzel Gonz\u00e1lez, que a pesar de la detenci\u00f3n de un presunto responsable el pasado 9 de mayo, su familia a\u00fan no recibe noticias sobre su localizaci\u00f3n. <\/p>\n\n\n\n<p>El caso de F\u00e1tima Palacios de 18 a\u00f1os\nde edad, desparecida el pasado 5 de marzo, tampoco es alentador. Su familia\nmantiene su b\u00fasqueda y su ficha de reporte como persona desaparecida sigue\nvigente en la Unidad de Personas no Localizadas.<\/p>\n\n\n\n<p>Mientras que en marzo tambi\u00e9n se\nreport\u00f3 la desaparici\u00f3n de una estudiante de la Universidad del Papaloapan en\ninmediaciones de la escuela. La joven fue localizada d\u00edas despu\u00e9s luego de\ndiversas manifestaciones y tambi\u00e9n se registr\u00f3 la detenci\u00f3n de dos personas. <\/p>\n","protected":false},"excerpt":{"rendered":"<p>Yuridiana Sosa\/Zona Roja. San Juan Bautista Tuxtepec, Oax., 14 de mayo de 2020.- Una menor&hellip;<\/p>\n","protected":false},"author":2,"featured_media":12397,"comment_status":"closed","ping_status":"open","sticky":false,"template":"","format":"standard","meta":{"_lmt_disableupdate":"","_lmt_disable":"","_jetpack_memberships_contains_paid_content":false,"footnotes":""},"categories":[109,47],"tags":[1222],"class_list":["post-12396","post","type-post","status-publish","format-standard","has-post-thumbnail","hentry","category-minuto-a-minuto","category-zona-gris","tag-unidad-de-personas-desaparecidas-y-no-localizadas"],"jetpack_featured_media_url":"https:\/\/zonaroja.com.mx\/wp-content\/uploads\/2020\/05\/PHOTO-2020-05-14-17-09-42.jpg","jetpack_sharing_enabled":true,"_links":{"self":[{"href":"https:\/\/zonaroja.com.mx\/index.php?rest_route=\/wp\/v2\/posts\/12396","targetHints":{"allow":["GET"]}}],"collection":[{"href":"https:\/\/zonaroja.com.mx\/index.php?rest_route=\/wp\/v2\/posts"}],"about":[{"href":"https:\/\/zonaroja.com.mx\/index.php?rest_route=\/wp\/v2\/types\/post"}],"author":[{"embeddable":true,"href":"https:\/\/zonaroja.com.mx\/index.php?rest_route=\/wp\/v2\/users\/2"}],"replies":[{"embeddable":true,"href":"https:\/\/zonaroja.com.mx\/index.php?rest_route=%2Fwp%2Fv2%2Fcomments&post=12396"}],"version-history":[{"count":2,"href":"https:\/\/zonaroja.com.mx\/index.php?rest_route=\/wp\/v2\/posts\/12396\/revisions"}],"predecessor-version":[{"id":12399,"href":"https:\/\/zonaroja.com.mx\/index.php?rest_route=\/wp\/v2\/posts\/12396\/revisions\/12399"}],"wp:featuredmedia":[{"embeddable":true,"href":"https:\/\/zonaroja.com.mx\/index.php?rest_route=\/wp\/v2\/media\/12397"}],"wp:attachment":[{"href":"https:\/\/zonaroja.com.mx\/index.php?rest_route=%2Fwp%2Fv2%2Fmedia&parent=12396"}],"wp:term":[{"taxonomy":"category","embeddable":true,"href":"https:\/\/zonaroja.com.mx\/index.php?rest_route=%2Fwp%2Fv2%2Fcategories&post=12396"},{"taxonomy":"post_tag","embeddable":true,"href":"https:\/\/zonaroja.com.mx\/index.php?rest_route=%2Fwp%2Fv2%2Ftags&post=12396"}],"curies":[{"name":"wp","href":"https:\/\/api.w.org\/{rel}","templated":true}]}}