{"id":12410,"date":"2020-05-15T09:41:48","date_gmt":"2020-05-15T14:41:48","guid":{"rendered":"http:\/\/www.zonaroja.com.mx\/?p=12410"},"modified":"2020-05-15T09:41:51","modified_gmt":"2020-05-15T14:41:51","slug":"pueblos-serranos-de-oaxaca-rechazan-orden-de-regresar-a-clases-el-lunes","status":"publish","type":"post","link":"https:\/\/zonaroja.com.mx\/?p=12410","title":{"rendered":"Pueblos serranos de Oaxaca rechazan orden de regresar a clases el lunes"},"content":{"rendered":"\n<p>Evlin Arag\u00f3n\/Zona Roja.<\/p>\n\n\n\n<p>Oaxaca de Ju\u00e1rez, Oax., 15 de mayo de\n2020.- Pese al anuncio del Gobierno Federal que refiere el regreso a la \u201cnueva\nnormalidad\u201d a partir del pr\u00f3ximo lunes a localidades sin contagio por Covid-19,\npueblos del distrito de Ixtl\u00e1n se oponen a reiniciar actividades este 18 de\nmayo.<\/p>\n\n\n\n<p>Es el caso de las autoridades de Ixtl\u00e1n\nde Ju\u00e1rez &#8211;cabecera distrital ubicada a unos 55 kil\u00f3metros de la capital&#8211;,\nque no acatar\u00e1n la instrucci\u00f3n pese a ser considerado \u201cmunicipio de la\nesperanza\u201d, es decir libre de casos confirmados de coronavirus.<\/p>\n\n\n\n<p>La m\u00e1xima representaci\u00f3n municipal\nencabezada por Luis Pacheco Rodr\u00edguez emiti\u00f3 un comunicado en el que advirti\u00f3 a\nla poblaci\u00f3n del peligro que trae consigo levantar las medidas sanitarias en\neste momento, aunque la localidad no registre casos, lo cual no garantiza que\nest\u00e9n libres de adquirir el virus que la ha arrebatado la vida a miles de\npersonas en el mundo.<\/p>\n\n\n\n<p>\u201cSabemos que la nueva normalidad es una\noportunidad de poder activar la vida econ\u00f3mica y escolar, pero debemos ser\nconscientes que al ser una de las regiones m\u00e1s aisladas del pa\u00eds, la ola de\ncontagios y la punta de la curva apenas detonar\u00e1 en la Sierra Ju\u00e1rez\u201d, dijo.<\/p>\n\n\n\n<p>Despu\u00e9s de un an\u00e1lisis sobre el\nincremento de casos a nivel local y federal, la autoridad municipal manifest\u00f3\nque mantendr\u00e1 y en su caso reforzar\u00e1 las medidas preventivas para evitar el\ncontagio de Covid-19 con la intenci\u00f3n de priorizar el derecho a la salud de la\ncomunidad.<\/p>\n\n\n\n<p>\u201cLe informamos que esta comunidad\nmantendr\u00e1 y en su caso reforzar\u00e1 las medidas preventivas para evitar contagios\nde Covid-19 en la poblaci\u00f3n, haciendo uso de la facultad que la ley nos otorga\nal ser regidos por los sistemas normativos ind\u00edgenas en el esquema de usos y\ncostumbres\u201d.<\/p>\n\n\n\n<p>Por lo anterior, dieron a conocer que\nlas medidas preventivas se extender\u00e1n al menos hasta la primera quincena de\njunio, haciendo una invitaci\u00f3n extensiva a las autoridades de todo el distrito\nserrano a maximizar sus estrategias en beneficio de toda la regi\u00f3n.<\/p>\n\n\n\n<p>\u201cExhortamos a los presidentes\nmunicipales del distrito de Ixtl\u00e1n para que reafirmen sus esfuerzos a favor de\nnuestros paisanos\u201d, refiere el documento a la par de pedir responsabilidad y\ncompromiso por parte de la ciudadan\u00eda, es necesario contar con su completa\ncooperaci\u00f3n.<\/p>\n\n\n\n<p>De acuerdo con la autoridad serrana,\ndespu\u00e9s de la primera quincena de junio volver\u00e1n a evaluar la situaci\u00f3n, con la\nfinalidad de definir las estrategias para aplicar los lineamientos de la \u201cnueva\nnormalidad\u201d buscando los esquemas para lograr la regularizaci\u00f3n econ\u00f3mica y\nescolar en un contexto de seguridad sanitaria.<\/p>\n\n\n\n<p>Por el momento y en contra de la\ndisposici\u00f3n oficial han decidido ir en contra del regreso a la \u201cnueva\nnormalidad\u201d debido a los riesgos que representa para su poblaci\u00f3n y la de toda\nla zona serrana.<\/p>\n","protected":false},"excerpt":{"rendered":"<p>Evlin Arag\u00f3n\/Zona Roja. Oaxaca de Ju\u00e1rez, Oax., 15 de mayo de 2020.- Pese al anuncio&hellip;<\/p>\n","protected":false},"author":2,"featured_media":12411,"comment_status":"closed","ping_status":"open","sticky":false,"template":"","format":"standard","meta":{"_lmt_disableupdate":"","_lmt_disable":"","_jetpack_memberships_contains_paid_content":false,"footnotes":""},"categories":[109,47],"tags":[1512],"class_list":["post-12410","post","type-post","status-publish","format-standard","has-post-thumbnail","hentry","category-minuto-a-minuto","category-zona-gris","tag-coronavirus-oaxaca"],"jetpack_featured_media_url":"https:\/\/zonaroja.com.mx\/wp-content\/uploads\/2020\/05\/Ixtl\u00e1n-de-Ju\u00e1rez.jpg","jetpack_sharing_enabled":true,"_links":{"self":[{"href":"https:\/\/zonaroja.com.mx\/index.php?rest_route=\/wp\/v2\/posts\/12410","targetHints":{"allow":["GET"]}}],"collection":[{"href":"https:\/\/zonaroja.com.mx\/index.php?rest_route=\/wp\/v2\/posts"}],"about":[{"href":"https:\/\/zonaroja.com.mx\/index.php?rest_route=\/wp\/v2\/types\/post"}],"author":[{"embeddable":true,"href":"https:\/\/zonaroja.com.mx\/index.php?rest_route=\/wp\/v2\/users\/2"}],"replies":[{"embeddable":true,"href":"https:\/\/zonaroja.com.mx\/index.php?rest_route=%2Fwp%2Fv2%2Fcomments&post=12410"}],"version-history":[{"count":1,"href":"https:\/\/zonaroja.com.mx\/index.php?rest_route=\/wp\/v2\/posts\/12410\/revisions"}],"predecessor-version":[{"id":12412,"href":"https:\/\/zonaroja.com.mx\/index.php?rest_route=\/wp\/v2\/posts\/12410\/revisions\/12412"}],"wp:featuredmedia":[{"embeddable":true,"href":"https:\/\/zonaroja.com.mx\/index.php?rest_route=\/wp\/v2\/media\/12411"}],"wp:attachment":[{"href":"https:\/\/zonaroja.com.mx\/index.php?rest_route=%2Fwp%2Fv2%2Fmedia&parent=12410"}],"wp:term":[{"taxonomy":"category","embeddable":true,"href":"https:\/\/zonaroja.com.mx\/index.php?rest_route=%2Fwp%2Fv2%2Fcategories&post=12410"},{"taxonomy":"post_tag","embeddable":true,"href":"https:\/\/zonaroja.com.mx\/index.php?rest_route=%2Fwp%2Fv2%2Ftags&post=12410"}],"curies":[{"name":"wp","href":"https:\/\/api.w.org\/{rel}","templated":true}]}}