{"id":12413,"date":"2020-05-15T10:47:21","date_gmt":"2020-05-15T15:47:21","guid":{"rendered":"http:\/\/www.zonaroja.com.mx\/?p=12413"},"modified":"2020-05-15T10:47:24","modified_gmt":"2020-05-15T15:47:24","slug":"reconoce-ong-nacional-labor-del-pjeo-durante-contingencia-sanitaria","status":"publish","type":"post","link":"https:\/\/zonaroja.com.mx\/?p=12413","title":{"rendered":"Reconoce ONG nacional labor del PJEO durante contingencia sanitaria"},"content":{"rendered":"\n<p>Redacci\u00f3n\/Zona Roja.<\/p>\n\n\n\n<p>Oaxaca de Ju\u00e1rez, Oax., 15 de mayo de\n2020.- La organizaci\u00f3n \u201cEquis: Justicia para las Mujeres\u201d, reconoci\u00f3 las\npr\u00e1cticas innovadoras y estrategias implementadas y dise\u00f1adas por el Poder\nJudicial del Estado de Oaxaca para atender y frenar la violencia contra las\nmujeres.<\/p>\n\n\n\n<p>Ello en el contexto de la emergencia\nsanitaria e inmediata respuesta ante la publicaci\u00f3n del Informe \u201cDesprotecci\u00f3n\nJudicial en tiempos del Covid-19\u201d, a partir del cual se fortalecieron en la\ninstituci\u00f3n nuevas acciones para una mejor atenci\u00f3n de los casos.<\/p>\n\n\n\n<p>En el marco del Ciclo de webinars\n\u201cJusticia y Covid-19\u201d, organizado por la agrupaci\u00f3n feminista de derechos\nhumanos, la directora ejecutiva, Ana Pecova felicit\u00f3 a la Instituci\u00f3n por su\ncolaboraci\u00f3n y apertura en la revisi\u00f3n de este tema que deriv\u00f3 en una\nreorganizaci\u00f3n y la priorizaci\u00f3n de servicios. <\/p>\n\n\n\n<p>\u201cNos dio mucho gusto contribuir a que\nla comunicaci\u00f3n llegue de una forma m\u00e1s eficiente a las mujeres que necesitan\nde esta informaci\u00f3n\u201d, destac\u00f3. <\/p>\n\n\n\n<p>Con el tema: \u201cPr\u00e1cticas innovadoras de\nlos Poderes Judiciales para atender y frenar la violencia contra las mujeres\u201d,\nel presidente del Poder Judicial, Eduardo Pinacho S\u00e1nchez, particip\u00f3 en ese\nencuentro virtual. <\/p>\n\n\n\n<p>Asimismo, tomaron parte el titular del\nPoder Judicial de Coahuila, Miguel Felipe Mery Ayud, y la coordinadora de la\nUnidad de Prevenci\u00f3n, Investigaci\u00f3n y Combate a la violencia de G\u00e9nero del\nPoder Judicial de Nuevo Le\u00f3n, Myrna Elia Garc\u00eda Barrera, quienes abordaron las\nexperiencias de estas tres entidades del pa\u00eds. <\/p>\n\n\n\n<p>El presidente del Tribunal Superior de\nJusticia y del Consejo de la Judicatura de Oaxaca, mencion\u00f3 que de las 406\naudiencias en materia penal, sobre asuntos de car\u00e1cter urgente y desarrolladas\nen el periodo del 20 de marzo al 11 de mayo en los diferentes juzgados de\nControl y tribunales de la entidad, 193 casos, es decir, el 47.5 por ciento,\nfueron relacionados con violencia por raz\u00f3n de g\u00e9nero.<\/p>\n\n\n\n<p>Adem\u00e1s, en los juzgados familiares de\nlas regiones, se han atendido 632 asuntos, emitiendo 37 \u00f3rdenes de protecci\u00f3n,\n33 solicitudes convivencia familiar y 218 relacionados con pago de alimentos.<\/p>\n\n\n\n<p>As\u00ed como 190 operaciones de pago de\ncertificados, transferencias y operaciones electr\u00f3nicas de diferente \u00edndole,\nrealizadas en el Fondo para la Administraci\u00f3n de Justicia, dando as\u00ed, atenci\u00f3n\nprioritaria a la poblaci\u00f3n que se encuentra en situaci\u00f3n de vulnerabilidad,\napunt\u00f3.<\/p>\n\n\n\n<p>\u201cPara el Poder Judicial del Estado de\nOaxaca, es fundamental proteger y garantizar los derechos de los grupos\nvulnerables, pues en los momentos de crisis es cuando los sectores sociales se\nafectan de una manera diferenciada y desproporcionada, y muchas veces se les\nniega el acceso a la justicia\u201d, dijo. <\/p>\n\n\n\n<p>Al hablar acerca de los avances que ha\ntenido el Poder Judicial del Estado en la erradicaci\u00f3n de la violencia contra\nlas mujeres, ni\u00f1as, ni\u00f1os y adolescentes, Pinacho S\u00e1nchez destac\u00f3 la reciente\ninstalaci\u00f3n de la Unidad de Igualdad de G\u00e9nero de la instituci\u00f3n, la cual\ntendr\u00e1 un papel fundamental en pol\u00edticas internas y jurisdiccionales en la\nmateria.<\/p>\n\n\n\n<p>Asimismo, inform\u00f3 que en el \u00f3rgano de\nimpartici\u00f3n de justicia, actualmente se impulsa una formaci\u00f3n y capacitaci\u00f3n\nintensiva en materia de perspectiva de g\u00e9nero para fortalecer la labor de las y\nlos servidores p\u00fablicos judiciales.\n\nFinalmente, al reconocer como fundamental el acceso a la informaci\u00f3n\npara las y los usuarios de los servicios jurisdiccionales, recalc\u00f3 la\nfuncionalidad de la Gu\u00eda de Acciones del Poder Judicial del Estado para la\nPrevenci\u00f3n y Atenci\u00f3n en Materia de Violencia de G\u00e9nero ante la Contingencia\ndel COVID-19, publicada al inicio de la contingencia, como una herramienta\nasequible para todas las personas, donde se dan a conocer las medidas, \u00e1reas e\ninstituciones donde se brinda atenci\u00f3n a los casos de violencia de g\u00e9nero.\n\n\n\n<\/p>\n","protected":false},"excerpt":{"rendered":"<p>Redacci\u00f3n\/Zona Roja. Oaxaca de Ju\u00e1rez, Oax., 15 de mayo de 2020.- La organizaci\u00f3n \u201cEquis: Justicia&hellip;<\/p>\n","protected":false},"author":2,"featured_media":12414,"comment_status":"closed","ping_status":"open","sticky":false,"template":"","format":"standard","meta":{"_lmt_disableupdate":"","_lmt_disable":"","_jetpack_memberships_contains_paid_content":false,"footnotes":""},"categories":[109,46],"tags":[1369],"class_list":["post-12413","post","type-post","status-publish","format-standard","has-post-thumbnail","hentry","category-minuto-a-minuto","category-zona-blanca","tag-tribunal-superior-de-justicia-de-oaxacatsejo"],"jetpack_featured_media_url":"https:\/\/zonaroja.com.mx\/wp-content\/uploads\/2020\/05\/CONFERENCIA.jpg","jetpack_sharing_enabled":true,"_links":{"self":[{"href":"https:\/\/zonaroja.com.mx\/index.php?rest_route=\/wp\/v2\/posts\/12413","targetHints":{"allow":["GET"]}}],"collection":[{"href":"https:\/\/zonaroja.com.mx\/index.php?rest_route=\/wp\/v2\/posts"}],"about":[{"href":"https:\/\/zonaroja.com.mx\/index.php?rest_route=\/wp\/v2\/types\/post"}],"author":[{"embeddable":true,"href":"https:\/\/zonaroja.com.mx\/index.php?rest_route=\/wp\/v2\/users\/2"}],"replies":[{"embeddable":true,"href":"https:\/\/zonaroja.com.mx\/index.php?rest_route=%2Fwp%2Fv2%2Fcomments&post=12413"}],"version-history":[{"count":1,"href":"https:\/\/zonaroja.com.mx\/index.php?rest_route=\/wp\/v2\/posts\/12413\/revisions"}],"predecessor-version":[{"id":12415,"href":"https:\/\/zonaroja.com.mx\/index.php?rest_route=\/wp\/v2\/posts\/12413\/revisions\/12415"}],"wp:featuredmedia":[{"embeddable":true,"href":"https:\/\/zonaroja.com.mx\/index.php?rest_route=\/wp\/v2\/media\/12414"}],"wp:attachment":[{"href":"https:\/\/zonaroja.com.mx\/index.php?rest_route=%2Fwp%2Fv2%2Fmedia&parent=12413"}],"wp:term":[{"taxonomy":"category","embeddable":true,"href":"https:\/\/zonaroja.com.mx\/index.php?rest_route=%2Fwp%2Fv2%2Fcategories&post=12413"},{"taxonomy":"post_tag","embeddable":true,"href":"https:\/\/zonaroja.com.mx\/index.php?rest_route=%2Fwp%2Fv2%2Ftags&post=12413"}],"curies":[{"name":"wp","href":"https:\/\/api.w.org\/{rel}","templated":true}]}}