{"id":12419,"date":"2020-05-15T11:39:18","date_gmt":"2020-05-15T16:39:18","guid":{"rendered":"http:\/\/www.zonaroja.com.mx\/?p=12419"},"modified":"2020-05-15T13:02:30","modified_gmt":"2020-05-15T18:02:30","slug":"piden-comunidades-mixes-garantizar-su-derecho-a-la-salud","status":"publish","type":"post","link":"https:\/\/zonaroja.com.mx\/?p=12419","title":{"rendered":"Piden comunidades mixes garantizar su derecho a la salud"},"content":{"rendered":"\n<p>Evlin Arag\u00f3n\/Zona Roja.<\/p>\n\n\n\n<p>Oaxaca de Ju\u00e1rez, Oax., 15 de mayo de\n2020.- Integrantes de la organizaci\u00f3n Servicios del Pueblo Mixe (Ser) exigieron\na las autoridades la atenci\u00f3n integral de la salud en la zona Ayuujk (Mixe) para\nevitar m\u00e1s contagios de Covid-19.<\/p>\n\n\n\n<p>Lo anterior luego de confirmarse que varios\ntrabajadores del Hospital B\u00e1sico Comunitario de Tamazul\u00e1pam del Esp\u00edritu Santo\ndieron positivo al coronavirus.<\/p>\n\n\n\n<p>Dicha situaci\u00f3n contrasta con el\nreciente anuncio del regreso a la \u201cnueva normalidad\u201d emitido por el Gobierno\nFederal y avalado por las autoridades estatales, quienes han referido un\nregreso paulatino a las actividades cotidianas a partir del pr\u00f3ximo lunes.<\/p>\n\n\n\n<p>De acuerdo con la organizaci\u00f3n, las\ncomunidades que se ubican en la zona son particularmente vulnerables debido a\nlas condiciones actuales y la desatenci\u00f3n a la salud integral e intercultural\npor parte del estado mexicano, que les ha negado de forma parcial o total el\nderecho a la salud.<\/p>\n\n\n\n<p>Explicaron que de marzo a la fecha ha\nsido la comunidad y sus propias autoridades las que se han dado a la tarea de\ncuidar la salud comunitaria y de sus habitantes, por lo que invitaron a todos\nlos pueblos a no bajar la guardia y accionar en conjunto para evitar la\npropagaci\u00f3n del virus en la zona, seguir informando a la poblaci\u00f3n y estar\natentos al llamado de la autoridad sanitaria.<\/p>\n\n\n\n<p>As\u00ed mismo, exigieron a las autoridades\ngubernamentales garantizar la atenci\u00f3n a la salud del pueblo Mixe y todos los\npueblos ind\u00edgenas con un enfoque integral e intercultural; respetar la\ndeterminaci\u00f3n de las comunidades y pueblos ante la pandemia, y garantizar el\nderecho al acceso de informaci\u00f3n objetiva, veraz y oportuna.<\/p>\n\n\n\n<p>Finalmente pidieron a los colectivos y\norganizaciones sociales, que trabajan en la zona, unirse para fortalecer la\norganizaci\u00f3n comunitaria, reencaminar la vida basada en la sustentabilidad,\nlibre determinaci\u00f3n y autonom\u00eda de las comunidades y pueblos ind\u00edgenas.<\/p>\n\n\n\n<p>AYUTLA CERRAR\u00c1 VIALIDADES<\/p>\n\n\n\n<p>Por su parte, autoridades de San Pedro y San Pablo Ayutla determinaron cerrar las vialidades ubicadas en el crucero que conduce a Santa Mar\u00eda Tepantlalli y en el Paraje \u201cEl Manzanal\u201d para evitar el ingreso de personas ajenas a la comunidad.<\/p>\n\n\n\n<p>Lo anterior luego de que se confirmaran\ncasos de Covid-19 en Tamazul\u00e1pam del Esp\u00edritu Santo, situaci\u00f3n que aunque ha\nsido desestimada por las autoridades, medios de comunicaci\u00f3n reportan decenas\nde personas en cuarentena por exposici\u00f3n al contagio.<\/p>\n","protected":false},"excerpt":{"rendered":"<p>Evlin Arag\u00f3n\/Zona Roja. Oaxaca de Ju\u00e1rez, Oax., 15 de mayo de 2020.- Integrantes de la&hellip;<\/p>\n","protected":false},"author":2,"featured_media":2705,"comment_status":"closed","ping_status":"open","sticky":false,"template":"","format":"standard","meta":{"_lmt_disableupdate":"","_lmt_disable":"","_jetpack_memberships_contains_paid_content":false,"footnotes":""},"categories":[109,47],"tags":[1512,1432],"class_list":["post-12419","post","type-post","status-publish","format-standard","has-post-thumbnail","hentry","category-minuto-a-minuto","category-zona-gris","tag-coronavirus-oaxaca","tag-servicios-del-pueblo-mixe-ser"],"jetpack_featured_media_url":"https:\/\/zonaroja.com.mx\/wp-content\/uploads\/2019\/08\/Ayutla-Mixe-3.jpg","jetpack_sharing_enabled":true,"_links":{"self":[{"href":"https:\/\/zonaroja.com.mx\/index.php?rest_route=\/wp\/v2\/posts\/12419","targetHints":{"allow":["GET"]}}],"collection":[{"href":"https:\/\/zonaroja.com.mx\/index.php?rest_route=\/wp\/v2\/posts"}],"about":[{"href":"https:\/\/zonaroja.com.mx\/index.php?rest_route=\/wp\/v2\/types\/post"}],"author":[{"embeddable":true,"href":"https:\/\/zonaroja.com.mx\/index.php?rest_route=\/wp\/v2\/users\/2"}],"replies":[{"embeddable":true,"href":"https:\/\/zonaroja.com.mx\/index.php?rest_route=%2Fwp%2Fv2%2Fcomments&post=12419"}],"version-history":[{"count":2,"href":"https:\/\/zonaroja.com.mx\/index.php?rest_route=\/wp\/v2\/posts\/12419\/revisions"}],"predecessor-version":[{"id":12421,"href":"https:\/\/zonaroja.com.mx\/index.php?rest_route=\/wp\/v2\/posts\/12419\/revisions\/12421"}],"wp:featuredmedia":[{"embeddable":true,"href":"https:\/\/zonaroja.com.mx\/index.php?rest_route=\/wp\/v2\/media\/2705"}],"wp:attachment":[{"href":"https:\/\/zonaroja.com.mx\/index.php?rest_route=%2Fwp%2Fv2%2Fmedia&parent=12419"}],"wp:term":[{"taxonomy":"category","embeddable":true,"href":"https:\/\/zonaroja.com.mx\/index.php?rest_route=%2Fwp%2Fv2%2Fcategories&post=12419"},{"taxonomy":"post_tag","embeddable":true,"href":"https:\/\/zonaroja.com.mx\/index.php?rest_route=%2Fwp%2Fv2%2Ftags&post=12419"}],"curies":[{"name":"wp","href":"https:\/\/api.w.org\/{rel}","templated":true}]}}