{"id":12422,"date":"2020-05-15T14:06:16","date_gmt":"2020-05-15T19:06:16","guid":{"rendered":"http:\/\/www.zonaroja.com.mx\/?p=12422"},"modified":"2020-05-15T14:06:19","modified_gmt":"2020-05-15T19:06:19","slug":"vence-el-covid-19-a-movilizaciones-de-la-seccion-22-del-snte","status":"publish","type":"post","link":"https:\/\/zonaroja.com.mx\/?p=12422","title":{"rendered":"Vence el Covid-19 a movilizaciones de la Secci\u00f3n 22 del SNTE"},"content":{"rendered":"\n<p>Evlin Arag\u00f3n\/Zona Roja.<\/p>\n\n\n\n<p>Oaxaca de Ju\u00e1rez, Oax., 15 de mayo de\n2020.- Lo que ning\u00fan gobierno ha podido hacer, lo ha conseguido la crisis\nsanitaria que vive el mundo en estos momentos.<\/p>\n\n\n\n<p>Este viernes se celebr\u00f3 el D\u00eda del\nMaestro sin marchas, protestas y manifestaciones en Oaxaca por parte de la\nSecci\u00f3n 22 del SNTE, debido a la jornada de sana distancia que permanece\nvigente para evitar el contagio por Covid-19.<\/p>\n\n\n\n<p>Como no se ve\u00eda desde hace d\u00e9cadas,\ntampoco hubo ceremonia de reconocimiento por parte del gobierno de Oaxaca que\nencabeza Alejandro Murat Hinojosa y que desde hace semanas ha dejado las\nconcentraciones masivas para evitar la propagaci\u00f3n del coronavirus en\nterritorio oaxaque\u00f1o.<\/p>\n\n\n\n<p>La lucha este a\u00f1o se traslad\u00f3 a las\nredes sociales, en donde la dirigencia de la Secci\u00f3n 22 del Sindicato Nacional\nde Trabajadores de la Educaci\u00f3n (SNTE), encabezada por Eloy L\u00f3pez Hern\u00e1ndez,\nreconoci\u00f3 que se viven momentos hist\u00f3ricos que impiden salir a las calles, sin\nembargo, desde el confinamiento el grito combatido contin\u00faa.<\/p>\n\n\n\n<p>\u201cHoy arribamos al D\u00eda del Maestro\nCombativo desde el confinamiento, mismo que no nos impide manifestar desde\nnuestras trincheras las voces de lucha para ratificar ante padres y madres de\nfamilia, autoridades municipales y de manera primordial ante los alumnos, el\ncompromiso de seguir trabajando por la educaci\u00f3n de nuestro estado y pa\u00eds\u201d,\nrefiere el comunicado emitido este viernes.<\/p>\n\n\n\n<p>Este mismo expone que la lucha del magisterio contin\u00faa vigente con grandes pendientes, como la aprobaci\u00f3n de una Ley Estatal de Educaci\u00f3n que contemple su Plan para la Transformaci\u00f3n de la Educaci\u00f3n en Oaxaca (PTEO); incidencias sin resolver desde el 2015, as\u00ed como la falta de material e infraestructura en cientos de escuelas.<\/p>\n\n\n\n<figure class=\"wp-block-image\"><img decoding=\"async\" width=\"213\" height=\"320\" src=\"http:\/\/www.zonaroja.com.mx\/wp-content\/uploads\/2020\/05\/Image-1-60.png\" alt=\"\" class=\"wp-image-12424\" srcset=\"https:\/\/zonaroja.com.mx\/wp-content\/uploads\/2020\/05\/Image-1-60.png 213w, https:\/\/zonaroja.com.mx\/wp-content\/uploads\/2020\/05\/Image-1-60-200x300.png 200w\" sizes=\"(max-width: 213px) 100vw, 213px\" \/><\/figure>\n\n\n\n<p>Pronunciaron tambi\u00e9n sus demandas\nhist\u00f3ricas como son: c\u00e1rcel para Ulises Ruiz y sus c\u00f3mplices, justicia para los\nca\u00eddos en Nochixtl\u00e1n, rechazo a las reformas neoliberales, libertad a los\npresos pol\u00edticos y de conciencia, as\u00ed como uh alto al terrorismo de estado y a\nla criminalizaci\u00f3n a de la protesta social.<\/p>\n\n\n\n<p>Aprovecharon para criticar la anunciada\nmilitarizaci\u00f3n en el pa\u00eds, que prev\u00e9n pueda impactar en las movilizaciones que\nrealiza el gremio en todo el pa\u00eds, no por ello dejar\u00e1n de hacerlo como desde\nhace 40 a\u00f1os en defensa de los derechos de la poblaci\u00f3n en la entidad y el\npa\u00eds.<\/p>\n\n\n\n<p>\u201cHoy las calles no amanecen inundadas\ncomo hist\u00f3ricamente lo han hechos miles de maestros a lo largo de 40 a\u00f1os en\ndefensa de los derechos laborales, de la cultura, de nuestro territorio, en\ncontra del autoritarismo, represi\u00f3n y constante violaci\u00f3n a los derechos\nhumanos.<\/p>\n\n\n\n<p>\u201cPor el contrario, esta fecha se\nescribe en las p\u00e1ginas de la historia en medio de la militarizaci\u00f3n del pa\u00eds\ncon un c\u00famulo de fuerzas castrenses en las calles bajo el argumento de\ngarantizar la seguridad nacional\u201d, refirieron.<\/p>\n\n\n\n<p>Reiteraron que regresar\u00e1n a las aulas\nhasta que las condiciones sanitarias sean las id\u00f3neas, sin importar los\nlineamientos del regreso a la \u201cnueva normalidad\u201d y hasta que no exista riesgo\nde contagio para la comunidad estudiantil, a la cual se comprometieron a seguir\nformando desde el pensamiento cr\u00edtico y generando conciencia entre el pueblo\noaxaque\u00f1o que se mantiene en lucha.<\/p>\n","protected":false},"excerpt":{"rendered":"<p>Evlin Arag\u00f3n\/Zona Roja. Oaxaca de Ju\u00e1rez, Oax., 15 de mayo de 2020.- Lo que ning\u00fan&hellip;<\/p>\n","protected":false},"author":2,"featured_media":12423,"comment_status":"closed","ping_status":"open","sticky":false,"template":"","format":"standard","meta":{"_lmt_disableupdate":"","_lmt_disable":"","_jetpack_memberships_contains_paid_content":false,"footnotes":""},"categories":[109,47],"tags":[312],"class_list":["post-12422","post","type-post","status-publish","format-standard","has-post-thumbnail","hentry","category-minuto-a-minuto","category-zona-gris","tag-seccion-22-del-snte"],"jetpack_featured_media_url":"https:\/\/zonaroja.com.mx\/wp-content\/uploads\/2020\/05\/Secci\u00f3n22.jpg","jetpack_sharing_enabled":true,"_links":{"self":[{"href":"https:\/\/zonaroja.com.mx\/index.php?rest_route=\/wp\/v2\/posts\/12422","targetHints":{"allow":["GET"]}}],"collection":[{"href":"https:\/\/zonaroja.com.mx\/index.php?rest_route=\/wp\/v2\/posts"}],"about":[{"href":"https:\/\/zonaroja.com.mx\/index.php?rest_route=\/wp\/v2\/types\/post"}],"author":[{"embeddable":true,"href":"https:\/\/zonaroja.com.mx\/index.php?rest_route=\/wp\/v2\/users\/2"}],"replies":[{"embeddable":true,"href":"https:\/\/zonaroja.com.mx\/index.php?rest_route=%2Fwp%2Fv2%2Fcomments&post=12422"}],"version-history":[{"count":1,"href":"https:\/\/zonaroja.com.mx\/index.php?rest_route=\/wp\/v2\/posts\/12422\/revisions"}],"predecessor-version":[{"id":12425,"href":"https:\/\/zonaroja.com.mx\/index.php?rest_route=\/wp\/v2\/posts\/12422\/revisions\/12425"}],"wp:featuredmedia":[{"embeddable":true,"href":"https:\/\/zonaroja.com.mx\/index.php?rest_route=\/wp\/v2\/media\/12423"}],"wp:attachment":[{"href":"https:\/\/zonaroja.com.mx\/index.php?rest_route=%2Fwp%2Fv2%2Fmedia&parent=12422"}],"wp:term":[{"taxonomy":"category","embeddable":true,"href":"https:\/\/zonaroja.com.mx\/index.php?rest_route=%2Fwp%2Fv2%2Fcategories&post=12422"},{"taxonomy":"post_tag","embeddable":true,"href":"https:\/\/zonaroja.com.mx\/index.php?rest_route=%2Fwp%2Fv2%2Ftags&post=12422"}],"curies":[{"name":"wp","href":"https:\/\/api.w.org\/{rel}","templated":true}]}}