{"id":12426,"date":"2020-05-15T15:10:00","date_gmt":"2020-05-15T20:10:00","guid":{"rendered":"http:\/\/www.zonaroja.com.mx\/?p=12426"},"modified":"2020-05-15T15:10:03","modified_gmt":"2020-05-15T20:10:03","slug":"temporada-de-ciclones-se-adelanto-preven-entre-30-y-37-sistemas","status":"publish","type":"post","link":"https:\/\/zonaroja.com.mx\/?p=12426","title":{"rendered":"Temporada de ciclones se adelant\u00f3; prev\u00e9n entre 30 y 37 sistemas"},"content":{"rendered":"\n<p>Yuridiana Sosa\/Zona Roja.<\/p>\n\n\n\n<p>Oaxaca de Ju\u00e1rez, Oax., 15 de mayo de\n2020.- La Comisi\u00f3n Nacional del Agua (Conagua) dio a conocer que entre los\nmeses de mayo y noviembre se prev\u00e9 el desarrollo de hasta 37 huracanes y\nciclones, de los que al menos cinco o seis se pronostica lleguen a las costas\nmexicanas.<\/p>\n\n\n\n<p>El Servicio Meteorol\u00f3gico Nacional (SMN)\ninform\u00f3 este viernes que la temporada de ciclones inici\u00f3 de forma anticipada el\n25 de abril, con el desarrollo de una depresi\u00f3n tropical en el Oc\u00e9ano Pac\u00edfico,\nas\u00ed como que la temporada 2020, se prev\u00e9 m\u00e1s activa que el promedio.<\/p>\n\n\n\n<p>Para el caso de la cuenca del Pac\u00edfico,\nse espera la formaci\u00f3n de entre 15 y 18 sistemas con nombre, de los cuales,\nsiete u ocho ser\u00e1n tormentas tropicales. Cuatro o cinco de \u00e9stos con potencial\nde huracanes de categor\u00eda 1 y 2, adem\u00e1s de cuatro o cinco de categor\u00eda de entre\ntres y cinco.<\/p>\n\n\n\n<p>\u201cAmanda\u201d, \u201cBoris\u201d, \u201cCristina\u201d, \u201cDouglas\u201d,\n\u201cElida\u201d, \u201cFausto\u201d, \u201cGenevieve\u201d, \u201cHern\u00e1n\u201d, \u201cIselle\u201d, \u201cJulio\u201d, \u201cKarina\u201d, \u201cLowell\u201d,\n\u201cMarie\u201d, \u201cNorbert\u201d, \u201cOdalys\u201d, \u201cPolo\u201d, \u201cRachel\u201d y \u201cSim\u00f3n\u201d, son los nombres de\nesos fen\u00f3menos.<\/p>\n\n\n\n<p>En cuanto a los sistemas para el Oc\u00e9ano\nAtl\u00e1ntico, tambi\u00e9n se prev\u00e9 una actividad m\u00e1s activa, con el registro de entre\n15 y 19 fen\u00f3menos con nombre, de los que entre ocho y 10 podr\u00edan desarrollarse\ncomo tormentas tropicales.<\/p>\n\n\n\n<p>As\u00ed como cuatro o cinco huracanes de\ncategor\u00eda uno o dos y tres o cuatro huracanes con categor\u00edas de entre tres y\ncinco.<\/p>\n\n\n\n<p>\u201cArthur\u201d, \u201cBertha\u201d, \u201cCrist\u00f3bal\u201d, \u201cEdward\u201d,\n\u201cFay\u201d, \u201cGonzalo\u201d, \u201cHanna\u201d, \u201cIsa\u00edas\u201d, \u201cJosephine\u201d, \u201cJulieta\u201d, \u201cLaura\u201d, \u201cMarco\u201d, \u201cNana\u201d,\n\u201cOmar\u201d, \u201cPaulette\u201d, \u201cRene\u201d, \u201cSally\u201d y \u201cTeddy\u201d son los nombres que se designaron\na esos sistemas.<\/p>\n\n\n\n<p>Estad\u00edsticamente, para ambas cuencas la\ntemporada concluye el pr\u00f3ximo 30 de noviembre. Para el Pac\u00edfico, da inicio este\n15 de mayo.<\/p>\n","protected":false},"excerpt":{"rendered":"<p>Yuridiana Sosa\/Zona Roja. Oaxaca de Ju\u00e1rez, Oax., 15 de mayo de 2020.- La Comisi\u00f3n Nacional&hellip;<\/p>\n","protected":false},"author":2,"featured_media":12427,"comment_status":"closed","ping_status":"open","sticky":false,"template":"","format":"standard","meta":{"_lmt_disableupdate":"","_lmt_disable":"","_jetpack_memberships_contains_paid_content":false,"footnotes":""},"categories":[109,47],"tags":[1686],"class_list":["post-12426","post","type-post","status-publish","format-standard","has-post-thumbnail","hentry","category-minuto-a-minuto","category-zona-gris","tag-comision-nacional-del-agua-conagua"],"jetpack_featured_media_url":"https:\/\/zonaroja.com.mx\/wp-content\/uploads\/2020\/05\/Ciclones-y-huracanes.jpeg","jetpack_sharing_enabled":true,"_links":{"self":[{"href":"https:\/\/zonaroja.com.mx\/index.php?rest_route=\/wp\/v2\/posts\/12426","targetHints":{"allow":["GET"]}}],"collection":[{"href":"https:\/\/zonaroja.com.mx\/index.php?rest_route=\/wp\/v2\/posts"}],"about":[{"href":"https:\/\/zonaroja.com.mx\/index.php?rest_route=\/wp\/v2\/types\/post"}],"author":[{"embeddable":true,"href":"https:\/\/zonaroja.com.mx\/index.php?rest_route=\/wp\/v2\/users\/2"}],"replies":[{"embeddable":true,"href":"https:\/\/zonaroja.com.mx\/index.php?rest_route=%2Fwp%2Fv2%2Fcomments&post=12426"}],"version-history":[{"count":1,"href":"https:\/\/zonaroja.com.mx\/index.php?rest_route=\/wp\/v2\/posts\/12426\/revisions"}],"predecessor-version":[{"id":12428,"href":"https:\/\/zonaroja.com.mx\/index.php?rest_route=\/wp\/v2\/posts\/12426\/revisions\/12428"}],"wp:featuredmedia":[{"embeddable":true,"href":"https:\/\/zonaroja.com.mx\/index.php?rest_route=\/wp\/v2\/media\/12427"}],"wp:attachment":[{"href":"https:\/\/zonaroja.com.mx\/index.php?rest_route=%2Fwp%2Fv2%2Fmedia&parent=12426"}],"wp:term":[{"taxonomy":"category","embeddable":true,"href":"https:\/\/zonaroja.com.mx\/index.php?rest_route=%2Fwp%2Fv2%2Fcategories&post=12426"},{"taxonomy":"post_tag","embeddable":true,"href":"https:\/\/zonaroja.com.mx\/index.php?rest_route=%2Fwp%2Fv2%2Ftags&post=12426"}],"curies":[{"name":"wp","href":"https:\/\/api.w.org\/{rel}","templated":true}]}}