{"id":12429,"date":"2020-05-15T15:16:58","date_gmt":"2020-05-15T20:16:58","guid":{"rendered":"http:\/\/www.zonaroja.com.mx\/?p=12429"},"modified":"2020-05-15T15:17:01","modified_gmt":"2020-05-15T20:17:01","slug":"union-de-maestros-exige-clausura-del-ciclo-escolar-critica-a-cnte-de-sumisa","status":"publish","type":"post","link":"https:\/\/zonaroja.com.mx\/?p=12429","title":{"rendered":"Uni\u00f3n de Maestros exige clausura del ciclo escolar; critica a CNTE de sumisa"},"content":{"rendered":"\n<p>Yuridiana Sosa\/Zona Roja.<\/p>\n\n\n\n<p>Oaxaca de Ju\u00e1rez, Oax., 15 de mayo de\n2020.- Integrantes de la Uni\u00f3n de Maestros del Frente Popular Revolucionario\n(FRP) exigieron a la Secci\u00f3n 22 adherida a la CNTE, demandar el cierre y\nacreditaci\u00f3n del ciclo escolar 2019-2020.<\/p>\n\n\n\n<p>La organizaci\u00f3n social se\u00f1al\u00f3 que la gremial que forma parte de la Coordinadora Nacional de Trabajadores de la Educaci\u00f3n (CNTE) ha mostrado un posicionamiento blando, opaco y tard\u00edo ante la contingencia, respecto a la situaci\u00f3n educativa del estado, privilegiando sus problemas pol\u00edticos internos.<\/p>\n\n\n\n<figure class=\"wp-block-embed-twitter wp-block-embed is-type-rich is-provider-twitter\"><div class=\"wp-block-embed__wrapper\">\n<div class=\"twitter-tweet\"><blockquote class=\"twitter-tweet\" data-lang=\"es\"><p lang=\"es\" dir=\"ltr\"><a href=\"https:\/\/twitter.com\/hashtag\/%C3%9AltimoMinuto?src=hash&amp;ref_src=twsrc%5Etfw\">#\u00daltimoMinuto<\/a> <br>Esta ma\u00f1ana en conferencia de prensa, el <a href=\"https:\/\/twitter.com\/FPR_OAXACA?ref_src=twsrc%5Etfw\">@FPR_OAXACA<\/a> se pronunci\u00f3 por aplazar el reinicio de clases en municipios considerados \u201cesperanza\u201d, que a\u00fan no tienen casos de Covid-19 ni sus comunidades colindantes. <a href=\"https:\/\/t.co\/nGGVOae3ON\">pic.twitter.com\/nGGVOae3ON<\/a><\/p>&mdash; Zona Roja Oaxaca (@MexRoja) <a href=\"https:\/\/twitter.com\/MexRoja\/status\/1261313095743369216?ref_src=twsrc%5Etfw\">15 de mayo de 2020<\/a><\/blockquote><\/div>\n<\/div><\/figure>\n\n\n\n<p>Los profesores afiliados al FPR propusieron\na la gremial el cierre del ciclo debido a que consideraron suficiente el curso\nde las dos terceras parte del a\u00f1o escolar, pues el sistema educativo en Oaxaca\nno cuenta con la infraestructura ni recursos para insumos para hacer frente a\nun regreso pronto con las medidas sanitarias necesarias.<\/p>\n\n\n\n<p>Pero expusieron que, para el regreso escolar, el Gobierno del Estado debe garantir servicios b\u00e1sicos como la de energ\u00eda el\u00e9ctrica, agua potable e incluso internet; as\u00ed como adaptar espacios necesarios para albergar a grupos de 20 alumnos.<\/p>\n\n\n\n<p>La Uni\u00f3n de Maestros del FRP reprob\u00f3 el\nsistema de educaci\u00f3n en l\u00ednea, as\u00ed como la intenci\u00f3n de la Secretar\u00eda de\nEducaci\u00f3n P\u00fablica (SPE) de salvar el ciclo escolar bajo un sistema\ninequitativo.<\/p>\n","protected":false},"excerpt":{"rendered":"<p>Yuridiana Sosa\/Zona Roja. Oaxaca de Ju\u00e1rez, Oax., 15 de mayo de 2020.- Integrantes de la&hellip;<\/p>\n","protected":false},"author":2,"featured_media":12430,"comment_status":"closed","ping_status":"open","sticky":false,"template":"","format":"standard","meta":{"_lmt_disableupdate":"","_lmt_disable":"","_jetpack_memberships_contains_paid_content":false,"footnotes":""},"categories":[109,47],"tags":[1687],"class_list":["post-12429","post","type-post","status-publish","format-standard","has-post-thumbnail","hentry","category-minuto-a-minuto","category-zona-gris","tag-frente-popular-revolucionario-fpr"],"jetpack_featured_media_url":"https:\/\/zonaroja.com.mx\/wp-content\/uploads\/2020\/05\/2b20f9c0-b288-4a79-a065-105e7590a3cb.jpg","jetpack_sharing_enabled":true,"_links":{"self":[{"href":"https:\/\/zonaroja.com.mx\/index.php?rest_route=\/wp\/v2\/posts\/12429","targetHints":{"allow":["GET"]}}],"collection":[{"href":"https:\/\/zonaroja.com.mx\/index.php?rest_route=\/wp\/v2\/posts"}],"about":[{"href":"https:\/\/zonaroja.com.mx\/index.php?rest_route=\/wp\/v2\/types\/post"}],"author":[{"embeddable":true,"href":"https:\/\/zonaroja.com.mx\/index.php?rest_route=\/wp\/v2\/users\/2"}],"replies":[{"embeddable":true,"href":"https:\/\/zonaroja.com.mx\/index.php?rest_route=%2Fwp%2Fv2%2Fcomments&post=12429"}],"version-history":[{"count":1,"href":"https:\/\/zonaroja.com.mx\/index.php?rest_route=\/wp\/v2\/posts\/12429\/revisions"}],"predecessor-version":[{"id":12431,"href":"https:\/\/zonaroja.com.mx\/index.php?rest_route=\/wp\/v2\/posts\/12429\/revisions\/12431"}],"wp:featuredmedia":[{"embeddable":true,"href":"https:\/\/zonaroja.com.mx\/index.php?rest_route=\/wp\/v2\/media\/12430"}],"wp:attachment":[{"href":"https:\/\/zonaroja.com.mx\/index.php?rest_route=%2Fwp%2Fv2%2Fmedia&parent=12429"}],"wp:term":[{"taxonomy":"category","embeddable":true,"href":"https:\/\/zonaroja.com.mx\/index.php?rest_route=%2Fwp%2Fv2%2Fcategories&post=12429"},{"taxonomy":"post_tag","embeddable":true,"href":"https:\/\/zonaroja.com.mx\/index.php?rest_route=%2Fwp%2Fv2%2Ftags&post=12429"}],"curies":[{"name":"wp","href":"https:\/\/api.w.org\/{rel}","templated":true}]}}