{"id":12436,"date":"2020-05-15T21:11:06","date_gmt":"2020-05-16T02:11:06","guid":{"rendered":"http:\/\/www.zonaroja.com.mx\/?p=12436"},"modified":"2020-05-15T21:11:09","modified_gmt":"2020-05-16T02:11:09","slug":"cimbra-la-cuenca-balaceras-seis-presuntos-delincuentes-abatidos","status":"publish","type":"post","link":"https:\/\/zonaroja.com.mx\/?p=12436","title":{"rendered":"Cimbra la Cuenca balaceras; seis presuntos delincuentes abatidos"},"content":{"rendered":"\n<p>Redacci\u00f3n\/<\/p>\n\n\n\n<p>Oaxaca de Ju\u00e1rez, Oax., 15 de mayo de\n2020.- Por lo menos dos ataques armados fueron reportados este viernes en\ndistintos puntos de la regi\u00f3n Cuenca del Papaloapan, con saldo oficial de seis\npresuntos delincuentes abatidos.<\/p>\n\n\n\n<p>Tras ello, la zona l\u00edmite de Oaxaca y\nVeracruz, en jurisdicci\u00f3n del municipio de Acatl\u00e1n de P\u00e9rez Figueroa, qued\u00f3 en\nresguardo de elementos de las fuerzas federales,<\/p>\n\n\n\n<p>Asimismo, el gobierno del estado vecino facilit\u00f3 un helic\u00f3ptero para realizar patrullaje a\u00e9reo, tras el enfrentamiento donde fueron abatidos seis presuntos delincuentes.<\/p>\n\n\n\n<figure class=\"wp-block-embed-twitter wp-block-embed is-type-rich is-provider-twitter\"><div class=\"wp-block-embed__wrapper\">\n<div class=\"twitter-tweet\"><blockquote class=\"twitter-tweet\" data-lang=\"es\"><p lang=\"es\" dir=\"ltr\"><a href=\"https:\/\/twitter.com\/hashtag\/%C3%9AltimoMinuto?src=hash&amp;ref_src=twsrc%5Etfw\">#\u00daltimoMinuto<\/a> <br>En los tiroteos y enfrentamientos en <a href=\"https:\/\/twitter.com\/hashtag\/Acatl%C3%A1n?src=hash&amp;ref_src=twsrc%5Etfw\">#Acatl\u00e1n<\/a> de P\u00e9rez Figueroa y otras zonas de la regi\u00f3n <a href=\"https:\/\/twitter.com\/hashtag\/Cuenca?src=hash&amp;ref_src=twsrc%5Etfw\">#Cuenca<\/a> de <a href=\"https:\/\/twitter.com\/hashtag\/Oaxaca?src=hash&amp;ref_src=twsrc%5Etfw\">#Oaxaca<\/a>, tambi\u00e9n hay polic\u00edas heridos, cuyo n\u00famero a\u00fan se desconoce. <br>Difunden este video de parte de los hechos sucedidos hoy: <a href=\"https:\/\/t.co\/kBG3I6ubw4\">pic.twitter.com\/kBG3I6ubw4<\/a><\/p>&mdash; Zona Roja Oaxaca (@MexRoja) <a href=\"https:\/\/twitter.com\/MexRoja\/status\/1261386594067509248?ref_src=twsrc%5Etfw\">15 de mayo de 2020<\/a><\/blockquote><\/div>\n<\/div><\/figure>\n\n\n\n<p>As\u00ed lo afirm\u00f3 el secretario de\nSeguridad p\u00fablica del Estado de Oaxaca, Ra\u00fal Ernesto Salcedo Rosales, quien\ndetall\u00f3 que este viernes se llevaron a cabo dos eventos violentos de manera\ncontinua en ese municipio.<\/p>\n\n\n\n<p>Acatl\u00e1n de P\u00e9rez Figueroa es uno de los\nmunicipios que forman parte del plan de intervenci\u00f3n para la seguridad que\nfirmaron en convenio el gobierno del estado de Oaxaca y Veracruz, el pasado 12\nde febrero.<\/p>\n\n\n\n<p>El secretario indic\u00f3 que la ma\u00f1ana de\neste viernes la polic\u00eda municipal de Acatl\u00e1n solicit\u00f3 el apoyo de la Polic\u00eda\nEstatal preventiva de Oaxaca por la presencia de personas armadas en la\ncomunidad.<\/p>\n\n\n\n<p>Ante la presencia de los uniformados,\nlos presuntos delincuentes abrieron fuego con armas de alto poder, lo que\nocasion\u00f3 un enfrentamiento donde la polic\u00eda abati\u00f3 a seis de los civiles\narmados.<\/p>\n\n\n\n<p>Posterior a estos hechos, dijo, en otro\nsitio se aseguraron armas de alto calibre, as\u00ed como drogas.<\/p>\n\n\n\n<p>Posterior al evento violento, se comenz\u00f3 con un sobrevuelo de apoyo por parte del gobierno de Veracruz, as\u00ed tambi\u00e9n hizo presencia la Secretar\u00eda de Marina, Ej\u00e9rcito Mexicano y elementos de la Guardia Nacional, quienes comenzaron con recorridos y filtros permanentes de revisi\u00f3n en la zona, indic\u00f3.<\/p>\n\n\n\n<figure class=\"wp-block-embed-twitter wp-block-embed is-type-rich is-provider-twitter\"><div class=\"wp-block-embed__wrapper\">\n<div class=\"twitter-tweet\"><blockquote class=\"twitter-tweet\" data-lang=\"es\"><p lang=\"es\" dir=\"ltr\"><a href=\"https:\/\/twitter.com\/hashtag\/Fotogaler%C3%ADa?src=hash&amp;ref_src=twsrc%5Etfw\">#Fotogaler\u00eda<\/a><br>As\u00ed quedaron los cuerpos de los presuntos delincuentes abatidos este viernes en <a href=\"https:\/\/twitter.com\/hashtag\/Acatl%C3%A1n?src=hash&amp;ref_src=twsrc%5Etfw\">#Acatl\u00e1n<\/a> de P\u00e9rez Figueroa, en la regi\u00f3n <a href=\"https:\/\/twitter.com\/hashtag\/Cuenca?src=hash&amp;ref_src=twsrc%5Etfw\">#Cuenca<\/a> de <a href=\"https:\/\/twitter.com\/hashtag\/Oaxaca?src=hash&amp;ref_src=twsrc%5Etfw\">#Oaxaca<\/a>; tra\u00edan chalecos antibalas y armas de grueso calibre. <a href=\"https:\/\/t.co\/EjdIVwWnkR\">pic.twitter.com\/EjdIVwWnkR<\/a><\/p>&mdash; Zona Roja Oaxaca (@MexRoja) <a href=\"https:\/\/twitter.com\/MexRoja\/status\/1261470218037022721?ref_src=twsrc%5Etfw\">16 de mayo de 2020<\/a><\/blockquote><\/div>\n<\/div><\/figure>\n\n\n\n<p>PENALES EN CALMA<\/p>\n\n\n\n<p>Por otra parte, el secretario de Seguridad\nP\u00fablica descart\u00f3 que exista amotinamiento o alg\u00fan evento de desorden en alguno\nde los 11 centros penitenciarios del estado.<\/p>\n\n\n\n<p>Explic\u00f3 que esta tarde algunos internos\ndel penal de San Francisco Tanivet , Tlacolula, de forma espec\u00edfica del\npabell\u00f3n donde se encuentran internos originarios de la regi\u00f3n del Istmo,\nmanifestaron a las autoridades penitenciarias algunas inquietudes en torno a\nlas medidas que se tomaron por la pandemia del Covid-19.<\/p>\n\n\n\n<p>En presencia del personal de la\nDefensor\u00eda de los Derechos Humanos del Pueblo de Oaxaca (DDHPO) expresaron que\ndeseaban extender los horarios y d\u00edas de visita, los cuales fueron reduciendo\npor la contingencia para evitar la propagaci\u00f3n de contagios.<\/p>\n\n\n\n<p>El secretario detall\u00f3 que los internos\npidieron extender a tres horas la visita conyugal, as\u00ed como sustituir el pan\nque se ofrece en el men\u00fa por totopos tradicionales de la regi\u00f3n del Istmo.<\/p>\n\n\n\n<p>CONFIRMA DDHPO<\/p>\n\n\n\n<p>Por su parte, la Defensor\u00eda de los\nDerechos Humanos confirm\u00f3 en un comunicado que a petici\u00f3n de personas privadas\nde su libertad en el Centro de Reinserci\u00f3n Social Varonil de Tanivet, as\u00ed como\nde las propias autoridades penitenciarias, visitadores especializados acudieron\neste viernes a las instalaciones del Cereso.<\/p>\n\n\n\n<p>\u201cLo anterior, para fungir como\nobservadores de una mesa de trabajo sostenida entre&nbsp; directivos del penal y de la Subsecretar\u00eda de\nReinserci\u00f3n Social, con personas internas en dicho centro, quienes realizaron\ndiversas peticiones y solicitudes a las autoridades.<\/p>\n\n\n\n<p>\u201cAnte ello, los visitadores vigilaron\nel desarrollo de la reuni\u00f3n, pugnando por el respeto de los derechos humanos de\nlas personas privadas de su libertad. As\u00ed tambi\u00e9n, el \u00f3rgano aut\u00f3nomo certific\u00f3\ny dar\u00e1 seguimiento a los acuerdos alcanzados entre las autoridades y las personas\nprivadas de su libertad\u201d.<\/p>\n","protected":false},"excerpt":{"rendered":"<p>Redacci\u00f3n\/ Oaxaca de Ju\u00e1rez, Oax., 15 de mayo de 2020.- Por lo menos dos ataques&hellip;<\/p>\n","protected":false},"author":2,"featured_media":12437,"comment_status":"closed","ping_status":"open","sticky":false,"template":"","format":"standard","meta":{"_lmt_disableupdate":"","_lmt_disable":"","_jetpack_memberships_contains_paid_content":false,"footnotes":""},"categories":[109,51],"tags":[187],"class_list":["post-12436","post","type-post","status-publish","format-standard","has-post-thumbnail","hentry","category-minuto-a-minuto","category-zona-roja","tag-acatlan-de-perez-figueroa"],"jetpack_featured_media_url":"https:\/\/zonaroja.com.mx\/wp-content\/uploads\/2020\/05\/2799eb7b-3448-40ea-a2ae-381ed9ad210e.jpg","jetpack_sharing_enabled":true,"_links":{"self":[{"href":"https:\/\/zonaroja.com.mx\/index.php?rest_route=\/wp\/v2\/posts\/12436","targetHints":{"allow":["GET"]}}],"collection":[{"href":"https:\/\/zonaroja.com.mx\/index.php?rest_route=\/wp\/v2\/posts"}],"about":[{"href":"https:\/\/zonaroja.com.mx\/index.php?rest_route=\/wp\/v2\/types\/post"}],"author":[{"embeddable":true,"href":"https:\/\/zonaroja.com.mx\/index.php?rest_route=\/wp\/v2\/users\/2"}],"replies":[{"embeddable":true,"href":"https:\/\/zonaroja.com.mx\/index.php?rest_route=%2Fwp%2Fv2%2Fcomments&post=12436"}],"version-history":[{"count":1,"href":"https:\/\/zonaroja.com.mx\/index.php?rest_route=\/wp\/v2\/posts\/12436\/revisions"}],"predecessor-version":[{"id":12438,"href":"https:\/\/zonaroja.com.mx\/index.php?rest_route=\/wp\/v2\/posts\/12436\/revisions\/12438"}],"wp:featuredmedia":[{"embeddable":true,"href":"https:\/\/zonaroja.com.mx\/index.php?rest_route=\/wp\/v2\/media\/12437"}],"wp:attachment":[{"href":"https:\/\/zonaroja.com.mx\/index.php?rest_route=%2Fwp%2Fv2%2Fmedia&parent=12436"}],"wp:term":[{"taxonomy":"category","embeddable":true,"href":"https:\/\/zonaroja.com.mx\/index.php?rest_route=%2Fwp%2Fv2%2Fcategories&post=12436"},{"taxonomy":"post_tag","embeddable":true,"href":"https:\/\/zonaroja.com.mx\/index.php?rest_route=%2Fwp%2Fv2%2Ftags&post=12436"}],"curies":[{"name":"wp","href":"https:\/\/api.w.org\/{rel}","templated":true}]}}