{"id":12440,"date":"2020-05-15T21:30:56","date_gmt":"2020-05-16T02:30:56","guid":{"rendered":"http:\/\/www.zonaroja.com.mx\/?p=12440"},"modified":"2020-05-15T21:30:59","modified_gmt":"2020-05-16T02:30:59","slug":"oaxaca-tiene-otro-dia-fatal-con-43-nuevos-contagios-por-covid","status":"publish","type":"post","link":"https:\/\/zonaroja.com.mx\/?p=12440","title":{"rendered":"Oaxaca tiene otro d\u00eda fatal, con 43 nuevos contagios por Covid"},"content":{"rendered":"\n<p>Redacci\u00f3n\/Zona Roja.<\/p>\n\n\n\n<p>Oaxaca de Ju\u00e1rez, Oax. 15 de mayo de\n2020.- Este viernes Oaxaca bati\u00f3 otro de sus propios r\u00e9cords, al registrar en\n24 horas 43 casos de coronavirus Covid-19.<\/p>\n\n\n\n<p>Adem\u00e1s, se present\u00f3 el fallecimiento de\ncinco personas, cuatro de ellas originarios del Istmo de Tehuantepec y una de\nTuxtepec.<\/p>\n\n\n\n<p>En un comunicado, la dependencia\nServicios de Salud de Oaxaca detall\u00f3 que los decesos se tratan de tres mujeres\nde 48, 73 y 72 a\u00f1os de edad, y dos hombres de 60 y 59 a\u00f1os, quienes a pesar de\nlos esfuerzos m\u00e9dicos los pacientes perdieron la vida.<\/p>\n\n\n\n<p>Expuso que m\u00e1s del 70 por ciento de las\nv\u00edctimas fatales por Covid-19 han sido personas mayores de 50 a\u00f1os,\nprincipalmente con padecimientos subyacentes. Asimismo, un 61% han sido\nvarones.<\/p>\n\n\n\n<p>Precis\u00f3 que a la fecha se tienen contabilizadas mil 386 notificaciones por s\u00edntomas compatibles al nuevo coronavirus, de las cuales 369 personas han dado positivo al contagio, 785 son negativos y se tiene en laboratorio 232 muestras sospechosas en espera de resultados.<\/p>\n\n\n\n<figure class=\"wp-block-image\"><img decoding=\"async\" width=\"971\" height=\"548\" src=\"http:\/\/www.zonaroja.com.mx\/wp-content\/uploads\/2020\/05\/SSO-2-1-1.jpeg\" alt=\"\" class=\"wp-image-12443\" srcset=\"https:\/\/zonaroja.com.mx\/wp-content\/uploads\/2020\/05\/SSO-2-1-1.jpeg 971w, https:\/\/zonaroja.com.mx\/wp-content\/uploads\/2020\/05\/SSO-2-1-1-300x169.jpeg 300w, https:\/\/zonaroja.com.mx\/wp-content\/uploads\/2020\/05\/SSO-2-1-1-768x433.jpeg 768w, https:\/\/zonaroja.com.mx\/wp-content\/uploads\/2020\/05\/SSO-2-1-1-585x330.jpeg 585w\" sizes=\"(max-width: 971px) 100vw, 971px\" \/><\/figure>\n\n\n\n<p>Enfatiz\u00f3 que del acumulado de pacientes\nconfirmados, 43 son casos nuevos al corte de hoy, estos se detectaron en 20\nmunicipios de la entidad.<\/p>\n\n\n\n<p>Se\u00f1al\u00f3 que del global de notificaciones\nde la pandemia, 178 se han recuperado de la enfermedad, tras estar en\naislamiento por 14 d\u00edas; sin embargo, dijo, estas personas deber\u00e1n mantener las\nacciones de la jornada de sana distancia.<\/p>\n\n\n\n<p>En la plataforma estatal de los\ncontagios acumulados, Valles Centrales encabeza la lista con 183 casos, 55 Tuxtepec,\n52 Istmo de Tehuantepec, 42 Mixteca, 27 la Costa y 10 en la Sierra (Norte). De\nestos 127 se encuentran activos.<\/p>\n\n\n\n<p>Por otro lado, destac\u00f3 que el total de\ncasos positivos, 75 contagios corresponden al personal de Salud, de estos 34\nson m\u00e9dicos, 37 profesionales de la enfermer\u00eda y cuatro de \u00e1reas afines.<\/p>\n","protected":false},"excerpt":{"rendered":"<p>Redacci\u00f3n\/Zona Roja. Oaxaca de Ju\u00e1rez, Oax. 15 de mayo de 2020.- Este viernes Oaxaca bati\u00f3&hellip;<\/p>\n","protected":false},"author":2,"featured_media":12442,"comment_status":"closed","ping_status":"open","sticky":false,"template":"","format":"standard","meta":{"_lmt_disableupdate":"","_lmt_disable":"","_jetpack_memberships_contains_paid_content":false,"footnotes":""},"categories":[109,47],"tags":[1512],"class_list":["post-12440","post","type-post","status-publish","format-standard","has-post-thumbnail","hentry","category-minuto-a-minuto","category-zona-gris","tag-coronavirus-oaxaca"],"jetpack_featured_media_url":"https:\/\/zonaroja.com.mx\/wp-content\/uploads\/2020\/05\/SSO-1-1-3.jpeg","jetpack_sharing_enabled":true,"_links":{"self":[{"href":"https:\/\/zonaroja.com.mx\/index.php?rest_route=\/wp\/v2\/posts\/12440","targetHints":{"allow":["GET"]}}],"collection":[{"href":"https:\/\/zonaroja.com.mx\/index.php?rest_route=\/wp\/v2\/posts"}],"about":[{"href":"https:\/\/zonaroja.com.mx\/index.php?rest_route=\/wp\/v2\/types\/post"}],"author":[{"embeddable":true,"href":"https:\/\/zonaroja.com.mx\/index.php?rest_route=\/wp\/v2\/users\/2"}],"replies":[{"embeddable":true,"href":"https:\/\/zonaroja.com.mx\/index.php?rest_route=%2Fwp%2Fv2%2Fcomments&post=12440"}],"version-history":[{"count":1,"href":"https:\/\/zonaroja.com.mx\/index.php?rest_route=\/wp\/v2\/posts\/12440\/revisions"}],"predecessor-version":[{"id":12444,"href":"https:\/\/zonaroja.com.mx\/index.php?rest_route=\/wp\/v2\/posts\/12440\/revisions\/12444"}],"wp:featuredmedia":[{"embeddable":true,"href":"https:\/\/zonaroja.com.mx\/index.php?rest_route=\/wp\/v2\/media\/12442"}],"wp:attachment":[{"href":"https:\/\/zonaroja.com.mx\/index.php?rest_route=%2Fwp%2Fv2%2Fmedia&parent=12440"}],"wp:term":[{"taxonomy":"category","embeddable":true,"href":"https:\/\/zonaroja.com.mx\/index.php?rest_route=%2Fwp%2Fv2%2Fcategories&post=12440"},{"taxonomy":"post_tag","embeddable":true,"href":"https:\/\/zonaroja.com.mx\/index.php?rest_route=%2Fwp%2Fv2%2Ftags&post=12440"}],"curies":[{"name":"wp","href":"https:\/\/api.w.org\/{rel}","templated":true}]}}