{"id":12453,"date":"2020-05-16T10:24:23","date_gmt":"2020-05-16T15:24:23","guid":{"rendered":"http:\/\/www.zonaroja.com.mx\/?p=12453"},"modified":"2020-05-16T10:24:29","modified_gmt":"2020-05-16T15:24:29","slug":"graba-lila-downs-cancion-que-contiene-el-sentir-de-la-poblacion-ante-el-covid-19","status":"publish","type":"post","link":"https:\/\/zonaroja.com.mx\/?p=12453","title":{"rendered":"Graba Lila Downs canci\u00f3n que contiene el sentir de la poblaci\u00f3n ante el Covid-19"},"content":{"rendered":"\n<p>Redacci\u00f3n\/Zona Roja Cdmx.<\/p>\n\n\n\n<p>Ciudad de M\u00e9xico, 16 de mayo de 2020.- La\ncantante mexicana Lila Downs refleja en su nuevo sencillo \u201cEl Silencio\u201d el\nsentir de muchas personas durante la cuarentena debido al Covid-19, en una\n\u00e9poca de miedo a la enfermedad y soledad por el aislamiento.<\/p>\n\n\n\n<p>\u201cFue inspirada en el momento en el que\nme vine a encerrar. Ten\u00eda el temor de que posiblemente yo ten\u00eda Covid-19 porque\nun compa\u00f1ero bajista pensaba que lo ten\u00eda\u201d, narr\u00f3 a la agencia EFE. <\/p>\n\n\n\n<p>\u201cSent\u00ed temor, empieza uno a pensar que\na lo mejor puede ser el final y esos sentimientos son fuertes\u201d, explic\u00f3 la\ncantante, que se encuentra actualmente haciendo cuarentena en el estado de\nOaxaca, en el sur de M\u00e9xico.<\/p>\n\n\n\n<p>La canci\u00f3n, compuesta junto a Paul\nCohen, es una indagaci\u00f3n en el interior de las personas, algo habitual en\nDowns, que suele adentrarse en pensamientos universales desde los suyos\npropios. <\/p>\n\n\n\n<p>\u201cEl temor es el sentimiento que m\u00e1s me\ngusta explorar por medio de la m\u00fasica porque creo que es exorcizarlo de cierto\nmodo, y no me gusta sentir temor\u201d, expres\u00f3 a EFE.<\/p>\n\n\n\n<p>\u201cEl Silencio\u201d empez\u00f3 siendo una\nranchera y se convirti\u00f3 en reggae que tiene partes habladas, lo que para la\nartista fue importante porque es una buena manera de decir las cosas que quer\u00eda\nexpresar a pesar de que, dijo, el canto es su vida.<\/p>\n\n\n\n<p>Todo lo obtenido con esta canci\u00f3n ser\u00e1\ndestinado a la unidad temporal Covid-19 en el centro Citibanamex de Ciudad de\nM\u00e9xico.<\/p>\n\n\n\n<p>Downs (Oaxaca, 1968) especific\u00f3 que\nesta canci\u00f3n ser\u00e1 parte de un pr\u00f3ximo disco, despu\u00e9s de haber lanzado \u201cAl\nChile\u201d (2019) y su edici\u00f3n especial, que probablemente se oriente hacia un tipo\nde rancheras cercanas al blues y al jazz, algo en lo que est\u00e1 interesada\n\u00faltimamente pero que ya hab\u00eda explorado con anterioridad.<\/p>\n\n\n\n<p>\u201cYo creo que (estos estilos) siempre\nhan estado ah\u00ed en mis diferentes proyectos. No es que sea algo nuevo, creo que\ncada momento va pidiendo cosas y uno tiene necesidades diferentes con los\ng\u00e9neros, como en el amor\u201d, brome\u00f3.<\/p>\n\n\n\n<p>Durante toda su carrera, Downs ha\nmostrado una gran conexi\u00f3n con sus ra\u00edces y un af\u00e1n por, desde su postura,\nmantener viva la cultura de los pueblos ind\u00edgenas y de diferentes regiones de\nsu pa\u00eds.<\/p>\n\n\n\n<p>De acuerdo con la agencia EFE, la\ncantante es consciente de que su estilo de cantar y de componer es particular y\nlo relaciona con que su mayor inspiraci\u00f3n siempre ha sido lo que la rodea. \u201cLo\nque acontece socialmente afecta a mis composiciones, como mujer tambi\u00e9n\u201d,\nconcret\u00f3.<\/p>\n\n\n\n<p>Por esto, le gusta explorar y volver a\nconectar con estilos y g\u00e9neros con los que tuvo relaci\u00f3n. Tanto es as\u00ed que\nrecientemente grab\u00f3 \u201cAve Mar\u00eda\u201d del compositor austr\u00edaco Robert Schubert, ya\nque ella se educ\u00f3 en la m\u00fasica cl\u00e1sica y no le gusta limitarse a un solo\nestilo.<\/p>\n\n\n\n<p>TIEMPO LIBRE Y CUARENTENA<\/p>\n\n\n\n<p>Durante esta cuarentena, Downs se\nencuentra en Oaxaca, estado mexicano donde naci\u00f3, y a pesar de las dificultades\nque supone el encierro, est\u00e1 intentando aprovechar y disfrutar del tiempo para\nella misma.<\/p>\n\n\n\n<p>\u201cLa verdad es que estamos a gusto en\ncasa porque siempre nos hace falta tiempo de estar m\u00e1s en casa, pero de pronto\nnos volvemos locos y queremos salir aunque sea a la banqueta (acera). He visto\namigos en la calle y nos miramos y decidimos no saludarnos porque queremos\nabrazarnos y mejor evitarnos todo el numerito (escena)\u201d, dijo entre risas.<\/p>\n\n\n\n<p>Tambi\u00e9n est\u00e1 trabajando en su m\u00fasica\ncon sus m\u00fasicos y ha tenido tiempo para reflexionar sobre c\u00f3mo se encuentra el\nmundo y en qu\u00e9 deber\u00edamos mejorar como humanidad.<\/p>\n\n\n\n<p>\u201cYo digo que le bajemos un poco a los\nviajes, que protejamos a las especies end\u00e9micas de cada regi\u00f3n, que seamos\nconscientes de los peligros que viven especies como la ballena azul&#8230; A penas\nhe estado mirando documentales sobre esto porque a mi hijo Benito, aunque es\npeque\u00f1o, le preocupa que estamos al borde de un colapso\u201d, relat\u00f3.<\/p>\n\n\n\n<p>Para conseguir estos cambios, consider\u00f3\nque la gente debe sensibilizarse ante la realidad para presionar a los\nGobiernos para que acompa\u00f1en a la sociedad en este camino.<\/p>\n\n\n\n<p>Downs comenz\u00f3 su carrera art\u00edstica en\nla d\u00e9cada de 1980 pero no fue hasta 1994 que grab\u00f3 su primer \u00e1lbum como solista\ny artista independiente, resaltando sus ra\u00edces oaxaque\u00f1as a\u00f1adiendo canciones\nen lenguas ind\u00edgenas como el mixteco y zapoteco, provenientes de su regi\u00f3n.<\/p>\n\n\n\n<p>La compositora mexicana estudi\u00f3\nantropolog\u00eda en Estados Unidos, complement\u00f3 sus estudios en Oaxaca en la\nAcademia de Bellas Artes y culmin\u00f3 su preparaci\u00f3n musical en la ciudad de Nueva\nYork.<\/p>\n\n\n\n<p>Fue con su disco \u201cLa Sandunga\u201d (1999)\ncon el que lleg\u00f3 a la fama y desde entonces ha grabado diez discos m\u00e1s.<\/p>\n\n\n\n<p>Su carrera se caracteriza por su\ninter\u00e9s en reivindicar sus ra\u00edces mexicanas haciendo \u00e9nfasis en los pueblos\noriginarios, as\u00ed como en el rescate de la m\u00fasica regional de Oaxaca.<\/p>\n","protected":false},"excerpt":{"rendered":"<p>Redacci\u00f3n\/Zona Roja Cdmx. Ciudad de M\u00e9xico, 16 de mayo de 2020.- La cantante mexicana Lila&hellip;<\/p>\n","protected":false},"author":2,"featured_media":12454,"comment_status":"closed","ping_status":"open","sticky":false,"template":"","format":"standard","meta":{"_lmt_disableupdate":"","_lmt_disable":"","_jetpack_memberships_contains_paid_content":false,"footnotes":""},"categories":[109,46],"tags":[1594],"class_list":["post-12453","post","type-post","status-publish","format-standard","has-post-thumbnail","hentry","category-minuto-a-minuto","category-zona-blanca","tag-lila-downs"],"jetpack_featured_media_url":"https:\/\/zonaroja.com.mx\/wp-content\/uploads\/2020\/05\/Lila-Downs.jpg","jetpack_sharing_enabled":true,"_links":{"self":[{"href":"https:\/\/zonaroja.com.mx\/index.php?rest_route=\/wp\/v2\/posts\/12453","targetHints":{"allow":["GET"]}}],"collection":[{"href":"https:\/\/zonaroja.com.mx\/index.php?rest_route=\/wp\/v2\/posts"}],"about":[{"href":"https:\/\/zonaroja.com.mx\/index.php?rest_route=\/wp\/v2\/types\/post"}],"author":[{"embeddable":true,"href":"https:\/\/zonaroja.com.mx\/index.php?rest_route=\/wp\/v2\/users\/2"}],"replies":[{"embeddable":true,"href":"https:\/\/zonaroja.com.mx\/index.php?rest_route=%2Fwp%2Fv2%2Fcomments&post=12453"}],"version-history":[{"count":1,"href":"https:\/\/zonaroja.com.mx\/index.php?rest_route=\/wp\/v2\/posts\/12453\/revisions"}],"predecessor-version":[{"id":12455,"href":"https:\/\/zonaroja.com.mx\/index.php?rest_route=\/wp\/v2\/posts\/12453\/revisions\/12455"}],"wp:featuredmedia":[{"embeddable":true,"href":"https:\/\/zonaroja.com.mx\/index.php?rest_route=\/wp\/v2\/media\/12454"}],"wp:attachment":[{"href":"https:\/\/zonaroja.com.mx\/index.php?rest_route=%2Fwp%2Fv2%2Fmedia&parent=12453"}],"wp:term":[{"taxonomy":"category","embeddable":true,"href":"https:\/\/zonaroja.com.mx\/index.php?rest_route=%2Fwp%2Fv2%2Fcategories&post=12453"},{"taxonomy":"post_tag","embeddable":true,"href":"https:\/\/zonaroja.com.mx\/index.php?rest_route=%2Fwp%2Fv2%2Ftags&post=12453"}],"curies":[{"name":"wp","href":"https:\/\/api.w.org\/{rel}","templated":true}]}}