{"id":12458,"date":"2020-05-16T12:21:24","date_gmt":"2020-05-16T17:21:24","guid":{"rendered":"http:\/\/www.zonaroja.com.mx\/?p=12458"},"modified":"2020-05-16T12:21:40","modified_gmt":"2020-05-16T17:21:40","slug":"ex-edil-de-pochutla-organiza-fiesta-y-expone-a-la-poblacion-al-covid-19","status":"publish","type":"post","link":"https:\/\/zonaroja.com.mx\/?p=12458","title":{"rendered":"Ex edil de Pochutla organiza fiesta y expone a la poblaci\u00f3n al Covid-19"},"content":{"rendered":"\n<p>Evlin Arag\u00f3n\/Zona Roja.<\/p>\n\n\n\n<p>Oaxaca de Ju\u00e1rez, Oax., 16 de mayo de\n2020.- \u201cCiudadano V\u00edctor Cruz V\u00e1squez, se le hace la atenta y cordial\ninvitaci\u00f3n que estos eventos est\u00e1n estrictamente prohibidos, para que usted\npersonalmente le diga a los invitados procedan a retirarse\u201d.<\/p>\n\n\n\n<p>Ese es el mensaje que se dio desde una\npatrulla municipal de San Pedro Pochutla a las afueras de un predio donde se\nllevan a cabo una fiesta.<\/p>\n\n\n\n<p>La reuni\u00f3n que cont\u00f3 con la presencia\nde decenas de personas, fue organizada por el ex presidente municipal V\u00edctor\nCruz V\u00e1squez, a quien no le import\u00f3 la pandemia por Covid-19 que se encuentra\nen Fase 3 en la entidad oaxaque\u00f1a, lo cual representa una mayor probabilidad de\ncontagio.<\/p>\n\n\n\n<p>A las afueras del sitio llegaron elementos de la polic\u00eda municipal y de la Guardia Nacional quienes de forma respetuosa invitaron al ex edil y ex diputado local pr el PAN a terminar con la fiesta organizada y pedir el retiro de sus invitados e invitadas.<\/p>\n\n\n\n<figure class=\"wp-block-embed-twitter wp-block-embed is-type-rich is-provider-twitter\"><div class=\"wp-block-embed__wrapper\">\n<div class=\"twitter-tweet\"><blockquote class=\"twitter-tweet\" data-lang=\"es\"><p lang=\"es\" dir=\"ltr\"><a href=\"https:\/\/twitter.com\/hashtag\/Qu%C3%A9dateEnCasaYa?src=hash&amp;ref_src=twsrc%5Etfw\">#Qu\u00e9dateEnCasaYa<\/a><br>Sin importarle exponer a cientos de personas al Covid-19,el ex presidente municipal de San Pedro Pochutla, <a href=\"https:\/\/twitter.com\/hashtag\/Oaxaca?src=hash&amp;ref_src=twsrc%5Etfw\">#Oaxaca<\/a>, V\u00edctor Cruz V\u00e1squez, organiz\u00f3 una gran fiesta en un predio particular.Tuvieron que llegar polic\u00edas y la Guardia Nacional para invitarlo a desistir. <a href=\"https:\/\/t.co\/6Z6iplkFPH\">pic.twitter.com\/6Z6iplkFPH<\/a><\/p>&mdash; Zona Roja Oaxaca (@MexRoja) <a href=\"https:\/\/twitter.com\/MexRoja\/status\/1261635693153001472?ref_src=twsrc%5Etfw\">16 de mayo de 2020<\/a><\/blockquote><\/div>\n<\/div><\/figure>\n\n\n\n<p>Por medio del altavoz argumentaron que\nlas reuniones masivas est\u00e1n prohibidas por las autoridades estatales y\nfederales debido a que configuran un riesgo importante en el contagio de coronavirus\npor lo que insistieron en pedir que concluyeran con la misma. <\/p>\n\n\n\n<p>Del predio salieron los primeros\nveh\u00edculos, incluso camionetas de redilas que transportaban personas y animales\nen la parte de atr\u00e1s, lo que demostr\u00f3 que se trataba de una actividad masiva la\nque se llevaba a cabo al interior y que lejos de concluir de inmediato fue\nnecesario que las fuerzas de seguridad insistieran.<\/p>\n\n\n\n<p>Motocicletas y personas a pie tambi\u00e9n\nsal\u00edan del lugar de forma espor\u00e1dica y fue ya entrando la noche y en plena\noscuridad que se abrieron las puertas para dejar pasar a otro importante grupo\nde veh\u00edculos, mientras los polic\u00edas municipales y la Guardia Nacional repet\u00eda\nuna y otra vez que las actividades masivas no estaban permitidas.<\/p>\n\n\n\n<p>De acuerdo con las propias autoridades\nde salud a nivel federal ser\u00e1n los pr\u00f3ximos d\u00edas en los que se reportar\u00e1 el\nmayor n\u00famero de casos en la entidad, que ya registra 326 casos confirmados de\ncoronavirus y 59 defunciones, por lo que la \u201cnueva normalidad\u201d no se podr\u00e1\niniciar el pr\u00f3ximo 18 de mayo y tendr\u00e1 que ser pospuesta<\/p>\n","protected":false},"excerpt":{"rendered":"<p>Evlin Arag\u00f3n\/Zona Roja. Oaxaca de Ju\u00e1rez, Oax., 16 de mayo de 2020.- \u201cCiudadano V\u00edctor Cruz&hellip;<\/p>\n","protected":false},"author":2,"featured_media":12457,"comment_status":"closed","ping_status":"open","sticky":false,"template":"","format":"standard","meta":{"_lmt_disableupdate":"","_lmt_disable":"","_jetpack_memberships_contains_paid_content":false,"footnotes":""},"categories":[109,47],"tags":[151,1690],"class_list":["post-12458","post","type-post","status-publish","format-standard","has-post-thumbnail","hentry","category-minuto-a-minuto","category-zona-gris","tag-san-pedro-pochutla","tag-victor-cruz-vasquez"],"jetpack_featured_media_url":"https:\/\/zonaroja.com.mx\/wp-content\/uploads\/2020\/05\/V\u00edctor-Cruz-V\u00e1squez.jpg","jetpack_sharing_enabled":true,"_links":{"self":[{"href":"https:\/\/zonaroja.com.mx\/index.php?rest_route=\/wp\/v2\/posts\/12458","targetHints":{"allow":["GET"]}}],"collection":[{"href":"https:\/\/zonaroja.com.mx\/index.php?rest_route=\/wp\/v2\/posts"}],"about":[{"href":"https:\/\/zonaroja.com.mx\/index.php?rest_route=\/wp\/v2\/types\/post"}],"author":[{"embeddable":true,"href":"https:\/\/zonaroja.com.mx\/index.php?rest_route=\/wp\/v2\/users\/2"}],"replies":[{"embeddable":true,"href":"https:\/\/zonaroja.com.mx\/index.php?rest_route=%2Fwp%2Fv2%2Fcomments&post=12458"}],"version-history":[{"count":1,"href":"https:\/\/zonaroja.com.mx\/index.php?rest_route=\/wp\/v2\/posts\/12458\/revisions"}],"predecessor-version":[{"id":12459,"href":"https:\/\/zonaroja.com.mx\/index.php?rest_route=\/wp\/v2\/posts\/12458\/revisions\/12459"}],"wp:featuredmedia":[{"embeddable":true,"href":"https:\/\/zonaroja.com.mx\/index.php?rest_route=\/wp\/v2\/media\/12457"}],"wp:attachment":[{"href":"https:\/\/zonaroja.com.mx\/index.php?rest_route=%2Fwp%2Fv2%2Fmedia&parent=12458"}],"wp:term":[{"taxonomy":"category","embeddable":true,"href":"https:\/\/zonaroja.com.mx\/index.php?rest_route=%2Fwp%2Fv2%2Fcategories&post=12458"},{"taxonomy":"post_tag","embeddable":true,"href":"https:\/\/zonaroja.com.mx\/index.php?rest_route=%2Fwp%2Fv2%2Ftags&post=12458"}],"curies":[{"name":"wp","href":"https:\/\/api.w.org\/{rel}","templated":true}]}}