{"id":12462,"date":"2020-05-16T13:41:10","date_gmt":"2020-05-16T18:41:10","guid":{"rendered":"http:\/\/www.zonaroja.com.mx\/?p=12462"},"modified":"2020-05-16T13:41:13","modified_gmt":"2020-05-16T18:41:13","slug":"magisterio-entre-el-reto-de-volver-a-las-aulas-y-enfrentar-el-covid-19","status":"publish","type":"post","link":"https:\/\/zonaroja.com.mx\/?p=12462","title":{"rendered":"Magisterio, entre el reto de volver a las aulas y enfrentar el Covid-19"},"content":{"rendered":"\n<p>Redacci\u00f3n\/Zona Roja Cdmx.<\/p>\n\n\n\n<p>Ciudad de M\u00e9xico, 16 de mayo de 2020.- La\nepidemia de Covid-19 marc\u00f3 la agenda de las demandas magisteriales este 15 de\nmayo, en particular en sus condiciones de salud. <\/p>\n\n\n\n<p>Profesores de diversos estados\nse\u00f1alaron que no somos pocos los que enfrentamos un doble desaf\u00edo: \u201cvolver a\nlas aulas para ejercer nuestra labor docente y al mismo tiempo lograr que este\nvirus no acabe con nosotros\u201d, refiere una informaci\u00f3n del diario \u201cLa Jornada\u201d. <\/p>\n\n\n\n<p>Afirmaron que entre los educadores hay\nelevada incidencia de diabetes, sobrepeso, obesidad e hipertensi\u00f3n, as\u00ed como\nenfermedades respiratorias como asma, sinusitis y afon\u00eda.<\/p>\n\n\n\n<p>En los pr\u00f3ximos tres a\u00f1os, el n\u00famero de\ndocentes en M\u00e9xico que habr\u00e1n cumplido 30 a\u00f1os de servicio o m\u00e1s de 60 a\u00f1os de\nedad, aumentar\u00e1 a 160 mil 166, de los cuales al menos 150 mil laboran en\nescuelas p\u00fablicas de educaci\u00f3n b\u00e1sica, de acuerdo con cifras oficiales. <\/p>\n\n\n\n<p>S\u00f3lo en 2018, el n\u00famero de profesores\nque cumplieron el requisito para solicitar su jubilaci\u00f3n fue de 61 mil 376, de\nlos cuales 56 mil 518 impart\u00edan clase en planteles del gobierno, detalla \u201cLa\nJornada\u201d.<\/p>\n\n\n\n<p>La Encuesta Internacional sobre la\nEnse\u00f1anza y Aprendizaje de la Organizaci\u00f3n para la Cooperaci\u00f3n y el Desarrollo\nEcon\u00f3micos (Talis, por sus siglas en ingl\u00e9s) 2018 destaca que a escala nacional\nm\u00e1s de 25 por ciento de los maestros de secundaria tiene 50 a\u00f1os o m\u00e1s,\nmientras 21 por ciento de los directores supera las seis d\u00e9cadas de vida.<\/p>\n\n\n\n<p>Educadores de la Ciudad de M\u00e9xico,\nChiapas, Sonora y Guerrero se\u00f1alaron que con el inicio de lo que se denomina\nnueva normalidad, se dise\u00f1a un regreso a clases \u201csin considerar que no todos\nlos maestros tenemos 25 a\u00f1os. <\/p>\n\n\n\n<p>\u201cHay toda una generaci\u00f3n que empezamos a\nejercer a mediados de los a\u00f1os 80 del siglo pasado, cuando egresamos de las\nescuelas normales, y que hoy estamos cerca de los 60 a\u00f1os. Son m\u00e1s de tres\nd\u00e9cadas de servicio que han dejado una huella\u201d.<\/p>\n\n\n\n<p>Hay compa\u00f1eros, explicaron, que sufren\ndiabetes y sobrepeso. \u201cMuchos tambi\u00e9n desarrollaron hipertensi\u00f3n y casi todos\nhemos tenido problemas respiratorios. <\/p>\n\n\n\n<p>Los malestares gastrointestinales son\nmuy comunes; la mayor\u00eda padecemos gastritis y colitis debido a largas jornadas\nlaborales, en las que no hay tiempo para comer ni tomar descansos. <\/p>\n\n\n\n<p>\u201cAdem\u00e1s de que muchos tenemos doble\njornada, as\u00ed que salimos de una escuela para ir a otra, a lo que se suma el\ntrabajo que realizamos en casa para revisar trabajos y preparar la clase\u201d,\nexponen en el reportaje del diario \u201cLa Jornada\u201d.<\/p>\n\n\n\n<p>En el estudio \u201cCondiciones de trabajo y\nsalud docente\u201d, elaborado por la Organizaci\u00f3n de las Naciones Unidas para la\nEducaci\u00f3n, la Ciencia y la Cultura, se alerta desde 2005 que las principales\nenfermedades que afectan al magisterio en M\u00e9xico incluyen diabetes, gastritis,\nestr\u00e9s, resfriados frecuentes, hipertensi\u00f3n, problemas circulatorios,\nenfermedades de columna, colon irritable, lumbago o ci\u00e1tica y enfermedad\ncoronaria.<\/p>\n","protected":false},"excerpt":{"rendered":"<p>Redacci\u00f3n\/Zona Roja Cdmx. Ciudad de M\u00e9xico, 16 de mayo de 2020.- La epidemia de Covid-19&hellip;<\/p>\n","protected":false},"author":2,"featured_media":12463,"comment_status":"closed","ping_status":"open","sticky":false,"template":"","format":"standard","meta":{"_lmt_disableupdate":"","_lmt_disable":"","_jetpack_memberships_contains_paid_content":false,"footnotes":""},"categories":[109,47],"tags":[1328],"class_list":["post-12462","post","type-post","status-publish","format-standard","has-post-thumbnail","hentry","category-minuto-a-minuto","category-zona-gris","tag-coronavirus-mexico"],"jetpack_featured_media_url":"https:\/\/zonaroja.com.mx\/wp-content\/uploads\/2020\/05\/Maestros-clases.jpg","jetpack_sharing_enabled":true,"_links":{"self":[{"href":"https:\/\/zonaroja.com.mx\/index.php?rest_route=\/wp\/v2\/posts\/12462","targetHints":{"allow":["GET"]}}],"collection":[{"href":"https:\/\/zonaroja.com.mx\/index.php?rest_route=\/wp\/v2\/posts"}],"about":[{"href":"https:\/\/zonaroja.com.mx\/index.php?rest_route=\/wp\/v2\/types\/post"}],"author":[{"embeddable":true,"href":"https:\/\/zonaroja.com.mx\/index.php?rest_route=\/wp\/v2\/users\/2"}],"replies":[{"embeddable":true,"href":"https:\/\/zonaroja.com.mx\/index.php?rest_route=%2Fwp%2Fv2%2Fcomments&post=12462"}],"version-history":[{"count":1,"href":"https:\/\/zonaroja.com.mx\/index.php?rest_route=\/wp\/v2\/posts\/12462\/revisions"}],"predecessor-version":[{"id":12464,"href":"https:\/\/zonaroja.com.mx\/index.php?rest_route=\/wp\/v2\/posts\/12462\/revisions\/12464"}],"wp:featuredmedia":[{"embeddable":true,"href":"https:\/\/zonaroja.com.mx\/index.php?rest_route=\/wp\/v2\/media\/12463"}],"wp:attachment":[{"href":"https:\/\/zonaroja.com.mx\/index.php?rest_route=%2Fwp%2Fv2%2Fmedia&parent=12462"}],"wp:term":[{"taxonomy":"category","embeddable":true,"href":"https:\/\/zonaroja.com.mx\/index.php?rest_route=%2Fwp%2Fv2%2Fcategories&post=12462"},{"taxonomy":"post_tag","embeddable":true,"href":"https:\/\/zonaroja.com.mx\/index.php?rest_route=%2Fwp%2Fv2%2Ftags&post=12462"}],"curies":[{"name":"wp","href":"https:\/\/api.w.org\/{rel}","templated":true}]}}