{"id":12465,"date":"2020-05-16T15:18:40","date_gmt":"2020-05-16T20:18:40","guid":{"rendered":"http:\/\/www.zonaroja.com.mx\/?p=12465"},"modified":"2020-05-16T15:18:44","modified_gmt":"2020-05-16T20:18:44","slug":"protestan-policias-de-oaxaca-capital-hay-contagiados-y-les-quitan-bono","status":"publish","type":"post","link":"https:\/\/zonaroja.com.mx\/?p=12465","title":{"rendered":"Protestan polic\u00edas de Oaxaca capital; hay contagiados y les quitan bono"},"content":{"rendered":"\n<p>Ismael Garc\u00eda M.\/Zona Roja.<\/p>\n\n\n\n<p>Oaxaca de Ju\u00e1rez, Oax., 16 de mayo de\n2020.- Elementos de las polic\u00edas Vial y Municipal de Oaxaca de Ju\u00e1rez\ndenunciaron hoy que el ayuntamiento les retir\u00f3 el bono por laborar durante la\ncontingencia sanitaria; que tienen que adquirir su propio material de\nprotecci\u00f3n y que hay seis elementos con Covid-19 que no tienen el respaldo de\nla autoridad.<\/p>\n\n\n\n<p>En conferencia de prensa frente a la\nsede del gobierno municipal, se\u00f1alaron que en el mes de abril recibieron dos\nmil 500 pesos cada quincena como parte de ese apoyo econ\u00f3mico, a fin de atender\nla emergencia sanitaria, adem\u00e1s de sus labores de vigilancia.<\/p>\n\n\n\n<p>Sin embargo, la primera quincena de\nmayo ya no se les pag\u00f3 y les informaron que no habr\u00e1 m\u00e1s bono pese a que la\ncontingencia termina en mayo, expuso la polic\u00eda Petrona Constancia Guti\u00e9rrez a\nnombre de sus compa\u00f1eros.<\/p>\n\n\n\n<p>Adem\u00e1s, los mandos policiacos, Marcos\nFredy Hern\u00e1ndez y Aquileo S\u00e1nchez Castellanos, han presionado a los elementos de\nla tercera edad y que tienen enfermedades cr\u00f3nico-degenerativas para que\nlaboren, pese a que son personas con mayor riesgo de contraer el coronavirus.<\/p>\n\n\n\n<p>\u201cNosotros tenemos que comprar la protecci\u00f3n, porque municipio nos dio un cubreboca de los m\u00e1s sencillos, por \u00fanica ocasi\u00f3n. No sabemos en manos de qui\u00e9n haya quedado el dinero, el presidente municipal (Oswaldo Garc\u00eda Jarqu\u00edn) debe tener conocimiento de c\u00f3mo se est\u00e1n manejando las cosas en la corporaci\u00f3n\u201d, dijo la representante policial.<\/p>\n\n\n\n<figure class=\"wp-block-embed-twitter wp-block-embed is-type-rich is-provider-twitter\"><div class=\"wp-block-embed__wrapper\">\n<div class=\"twitter-tweet\"><blockquote class=\"twitter-tweet\" data-lang=\"es\"><p lang=\"es\" dir=\"ltr\"><a href=\"https:\/\/twitter.com\/hashtag\/%C3%9AltimoMinuto?src=hash&amp;ref_src=twsrc%5Etfw\">#\u00daltimoMinuto<\/a> <br>Elementos de la Polic\u00eda Municipal del <a href=\"https:\/\/twitter.com\/MunicipioOaxaca?ref_src=twsrc%5Etfw\">@MunicipioOaxaca<\/a> protestan contra el edil <a href=\"https:\/\/twitter.com\/oswaldogarciaj?ref_src=twsrc%5Etfw\">@oswaldogarciaj<\/a>; les retiraron bono de contingencia; hay seis infectados por Covid-19 sin apoyo; tienen que comprar su propio material de protecci\u00f3n; analizan parar labores. <a href=\"https:\/\/t.co\/qI2w60LqnD\">pic.twitter.com\/qI2w60LqnD<\/a><\/p>&mdash; Zona Roja Oaxaca (@MexRoja) <a href=\"https:\/\/twitter.com\/MexRoja\/status\/1261744761129578498?ref_src=twsrc%5Etfw\">16 de mayo de 2020<\/a><\/blockquote><\/div>\n<\/div><\/figure>\n\n\n\n<p>De las seis personas contagiadas,\nexpusieron que cuatro est\u00e1n en sus domicilios y dos hospitalizados graves, uno\nde ellos F\u00e9lix Sosa Trujillo, un adulto mayor que han estado exponiendo al\nvirus y ahora est\u00e1 en coma, adem\u00e1s de Mario Santiago V\u00e1squez, por lo cual se\nmeti\u00f3 oficio para que lo descansaran.<\/p>\n\n\n\n<p>Ante la negativa, se entabl\u00f3 queja ante\nla Defensor\u00eda de los Derechos Humanos del Pueblo de Oaxaca, para que indague\nlos casos. \u201cHay muchos compa\u00f1eros que est\u00e1n siendo expuestos, pero no han\ntomado en cuenta la situaci\u00f3n\u201d, dijo el uniformado Isidro Alberto Hern\u00e1ndez Cruz.<\/p>\n\n\n\n<p>Cit\u00f3 entre otros con s\u00edntomas de\nCovid-19, a Anabel Garc\u00eda, Aureo Enrique Listas, Adri\u00e1n Rojas Hern\u00e1ndez, Jos\u00e9\nRamos y Josu\u00e9 Hern\u00e1ndez, cuyos datos ha ocultado la autoridad municipal, lo\ncual es primordial a efecto de que no se vayan a contagiar otras personas que\ntienen contacto con ellos.<\/p>\n\n\n\n<p>Expusieron que esperar\u00e1n a que los\natiendan en una mesa de di\u00e1logo, de lo contrario tomar\u00e1n otras medidas.<\/p>\n\n\n\n<p>Indicaron que se debe fincar\nresponsabilidad a los mandos que no dieron la orden que se fueran a descansar los\npolic\u00edas en riesgo por su edad y enfermedades, y ahora est\u00e1n infectados.<\/p>\n","protected":false},"excerpt":{"rendered":"<p>Ismael Garc\u00eda M.\/Zona Roja. Oaxaca de Ju\u00e1rez, Oax., 16 de mayo de 2020.- Elementos de&hellip;<\/p>\n","protected":false},"author":2,"featured_media":12466,"comment_status":"closed","ping_status":"open","sticky":false,"template":"","format":"standard","meta":{"_lmt_disableupdate":"","_lmt_disable":"","_jetpack_memberships_contains_paid_content":false,"footnotes":""},"categories":[109,47],"tags":[148],"class_list":["post-12465","post","type-post","status-publish","format-standard","has-post-thumbnail","hentry","category-minuto-a-minuto","category-zona-gris","tag-oaxaca-de-juarez"],"jetpack_featured_media_url":"https:\/\/zonaroja.com.mx\/wp-content\/uploads\/2020\/05\/c1149dc9-ae1b-4ebc-920a-03b4d7c802d6.jpg","jetpack_sharing_enabled":true,"_links":{"self":[{"href":"https:\/\/zonaroja.com.mx\/index.php?rest_route=\/wp\/v2\/posts\/12465","targetHints":{"allow":["GET"]}}],"collection":[{"href":"https:\/\/zonaroja.com.mx\/index.php?rest_route=\/wp\/v2\/posts"}],"about":[{"href":"https:\/\/zonaroja.com.mx\/index.php?rest_route=\/wp\/v2\/types\/post"}],"author":[{"embeddable":true,"href":"https:\/\/zonaroja.com.mx\/index.php?rest_route=\/wp\/v2\/users\/2"}],"replies":[{"embeddable":true,"href":"https:\/\/zonaroja.com.mx\/index.php?rest_route=%2Fwp%2Fv2%2Fcomments&post=12465"}],"version-history":[{"count":1,"href":"https:\/\/zonaroja.com.mx\/index.php?rest_route=\/wp\/v2\/posts\/12465\/revisions"}],"predecessor-version":[{"id":12467,"href":"https:\/\/zonaroja.com.mx\/index.php?rest_route=\/wp\/v2\/posts\/12465\/revisions\/12467"}],"wp:featuredmedia":[{"embeddable":true,"href":"https:\/\/zonaroja.com.mx\/index.php?rest_route=\/wp\/v2\/media\/12466"}],"wp:attachment":[{"href":"https:\/\/zonaroja.com.mx\/index.php?rest_route=%2Fwp%2Fv2%2Fmedia&parent=12465"}],"wp:term":[{"taxonomy":"category","embeddable":true,"href":"https:\/\/zonaroja.com.mx\/index.php?rest_route=%2Fwp%2Fv2%2Fcategories&post=12465"},{"taxonomy":"post_tag","embeddable":true,"href":"https:\/\/zonaroja.com.mx\/index.php?rest_route=%2Fwp%2Fv2%2Ftags&post=12465"}],"curies":[{"name":"wp","href":"https:\/\/api.w.org\/{rel}","templated":true}]}}