{"id":12468,"date":"2020-05-16T15:27:29","date_gmt":"2020-05-16T20:27:29","guid":{"rendered":"http:\/\/www.zonaroja.com.mx\/?p=12468"},"modified":"2020-05-16T15:27:33","modified_gmt":"2020-05-16T20:27:33","slug":"sin-condiciones-hospital-civil-no-aceptaran-pacientes-covid-19-seccion-35","status":"publish","type":"post","link":"https:\/\/zonaroja.com.mx\/?p=12468","title":{"rendered":"Sin condiciones, Hospital Civil no aceptar\u00e1n pacientes Covid-19: Secci\u00f3n 35"},"content":{"rendered":"\n<p>Yuridiana Sosa\/Zona Roja.<\/p>\n\n\n\n<p>Oaxaca de Ju\u00e1rez, Oax., 16 de mayo de\n2020.- Tras la designaci\u00f3n del Hospital Civil \u201cDr. Aurelio Valdivieso\u201d como\nunidad Covid-19 y la insuficiencia de insumos y equipo de protecci\u00f3n m\u00e9dica, el\npersonal determin\u00f3 no recibir a los pacientes de coronavirus hasta que existan\nlas condiciones de seguridad sanitaria.<\/p>\n\n\n\n<p>As\u00ed lo anunci\u00f3 el secretario de Organizaci\u00f3n\nde la Secci\u00f3n 35 del Sindicato Nacional de Trabajadores de la Secretar\u00eda de\nSalud (SNTSSA) en Oaxaca, Carlos Alberto P\u00e9rez Bautista, quien detall\u00f3 que a\ndos d\u00edas de esta conversi\u00f3n no se ha proporcionado el equipo necesario.<\/p>\n\n\n\n<p>Para el funcionamiento como centro\nCovid-19, es indispensable la entrega de equipo de protecci\u00f3n para mil 650\ntrabajadores que siguen labores dentro del nosocomio, distribuidos en las\ndistintas \u00e1reas.<\/p>\n\n\n\n<p>El representante sindical dijo que es\nincorrecto s\u00f3lo brindar protecci\u00f3n a los m\u00e9dicos del \u00e1rea de urgencias, pues,\naunque el hospital ya se dividi\u00f3 f\u00edsicamente, existe el riesgo latente para\nquieres tambi\u00e9n se desempe\u00f1an en otras \u00e1reas.<\/p>\n\n\n\n<p>Los m\u00e9dicos esperan que este fin de\nsemana el Gobierno del Estado entregue los insumos suficientes, los cuales\nactualmente existen a trav\u00e9s de donaciones de distintos organismos civiles y\nlegisladores.<\/p>\n\n\n\n<p>El jueves pasado, personal del Hospital\nRegional de Alta Especialidad de Oaxaca, ubicado en San Bartolo Coyotepec,\nanunci\u00f3 la saturaci\u00f3n en sus instalaciones para continuar con el ingreso de\npacientes Covid-19.<\/p>\n\n\n\n<p>Horas despu\u00e9s, el gobernador Alejandro\nMurat dispuso que el Hospital Civil, en la capital del estado, deb\u00eda ser\nhabilitado para la recepci\u00f3n y atenci\u00f3n de los oaxaque\u00f1os con Covid-19.<\/p>\n\n\n\n<p>Como medidas de preparaci\u00f3n, P\u00e9rez\nBautista dijo que se comenzaron a dar las altas de paciente que no requer\u00edan\natenci\u00f3n urgente, pues a partir que inicie con la atenci\u00f3n Covid-19, se dejar\u00e1n\nde brindar atenciones m\u00e9dicas distintas.<\/p>\n\n\n\n<p>El Hospital cuenta con 20 camas en\nurgencias, seis m\u00e1s de terapia intensiva y 30 ventiladores.<\/p>\n","protected":false},"excerpt":{"rendered":"<p>Yuridiana Sosa\/Zona Roja. Oaxaca de Ju\u00e1rez, Oax., 16 de mayo de 2020.- Tras la designaci\u00f3n&hellip;<\/p>\n","protected":false},"author":2,"featured_media":12268,"comment_status":"closed","ping_status":"open","sticky":false,"template":"","format":"standard","meta":{"_lmt_disableupdate":"","_lmt_disable":"","_jetpack_memberships_contains_paid_content":false,"footnotes":""},"categories":[109,47],"tags":[781],"class_list":["post-12468","post","type-post","status-publish","format-standard","has-post-thumbnail","hentry","category-minuto-a-minuto","category-zona-gris","tag-hospital-civil-dr-aurelio-valdivieso-de-oaxaca"],"jetpack_featured_media_url":"https:\/\/zonaroja.com.mx\/wp-content\/uploads\/2020\/05\/Image-1-59-1.png","jetpack_sharing_enabled":true,"_links":{"self":[{"href":"https:\/\/zonaroja.com.mx\/index.php?rest_route=\/wp\/v2\/posts\/12468","targetHints":{"allow":["GET"]}}],"collection":[{"href":"https:\/\/zonaroja.com.mx\/index.php?rest_route=\/wp\/v2\/posts"}],"about":[{"href":"https:\/\/zonaroja.com.mx\/index.php?rest_route=\/wp\/v2\/types\/post"}],"author":[{"embeddable":true,"href":"https:\/\/zonaroja.com.mx\/index.php?rest_route=\/wp\/v2\/users\/2"}],"replies":[{"embeddable":true,"href":"https:\/\/zonaroja.com.mx\/index.php?rest_route=%2Fwp%2Fv2%2Fcomments&post=12468"}],"version-history":[{"count":1,"href":"https:\/\/zonaroja.com.mx\/index.php?rest_route=\/wp\/v2\/posts\/12468\/revisions"}],"predecessor-version":[{"id":12469,"href":"https:\/\/zonaroja.com.mx\/index.php?rest_route=\/wp\/v2\/posts\/12468\/revisions\/12469"}],"wp:featuredmedia":[{"embeddable":true,"href":"https:\/\/zonaroja.com.mx\/index.php?rest_route=\/wp\/v2\/media\/12268"}],"wp:attachment":[{"href":"https:\/\/zonaroja.com.mx\/index.php?rest_route=%2Fwp%2Fv2%2Fmedia&parent=12468"}],"wp:term":[{"taxonomy":"category","embeddable":true,"href":"https:\/\/zonaroja.com.mx\/index.php?rest_route=%2Fwp%2Fv2%2Fcategories&post=12468"},{"taxonomy":"post_tag","embeddable":true,"href":"https:\/\/zonaroja.com.mx\/index.php?rest_route=%2Fwp%2Fv2%2Ftags&post=12468"}],"curies":[{"name":"wp","href":"https:\/\/api.w.org\/{rel}","templated":true}]}}