{"id":12470,"date":"2020-05-16T15:37:12","date_gmt":"2020-05-16T20:37:12","guid":{"rendered":"http:\/\/www.zonaroja.com.mx\/?p=12470"},"modified":"2020-05-16T15:37:16","modified_gmt":"2020-05-16T20:37:16","slug":"tras-8-dias-de-su-designacion-aparece-susana-harp-para-dar-seguimiento-a-covid","status":"publish","type":"post","link":"https:\/\/zonaroja.com.mx\/?p=12470","title":{"rendered":"Tras 8 d\u00edas de su designaci\u00f3n, aparece Susana Harp para dar seguimiento a Covid"},"content":{"rendered":"\n<p>Evlin Arag\u00f3n\/Zona Roja.<\/p>\n\n\n\n<p>Oaxaca de Ju\u00e1rez, Oax., 16 de mayo de\n2020.- Luego de ocho d\u00edas de haber sido designada como delegada de salud para\ncoordinar las tareas de combate contra el Covid-19 en Oaxaca, este fin de\nsemana la senadora Susana Harp hizo su primera aparici\u00f3n p\u00fablica en la entidad,\npara supervisar las acciones que se implementan por la pandemia.<\/p>\n\n\n\n<p>Sin tener conocimientos m\u00e9dicos o de\nestrategias sanitarias, la tambi\u00e9n cantante oaxaque\u00f1a recorri\u00f3 esta ma\u00f1ana el\nHospital Militar de Zona ubicado en Santa Mar\u00eda Ixcotel, en la zona conurbada\nde la capital oaxaque\u00f1a, seg\u00fan lo dio a conocer en sus redes sociales.<\/p>\n\n\n\n<p>\u201cVisitando el Hospital militar de zona\nen Ixcotel, junto con el General Cordero, quien nos comparte los protocolos y\nla organizaci\u00f3n para la recepci\u00f3n de pacientes Covid en Oaxaca\u201d, posteo en su\ncuenta de Twitter y Facebook.<\/p>\n\n\n\n<p>Sin la presencia de autoridades en materia de salud o representantes de gobierno de Oaxaca y \u00fanicamente acompa\u00f1ada por personal militar, la delegada comparti\u00f3 unas fotograf\u00edas en las que se puede ver el espacio habilitado para la atenci\u00f3n de personas con complicaciones por Covid-19 a\u00fan sin ocupar.<\/p>\n\n\n\n<figure class=\"wp-block-embed-twitter wp-block-embed is-type-rich is-provider-twitter\"><div class=\"wp-block-embed__wrapper\">\n<div class=\"twitter-tweet\"><blockquote class=\"twitter-tweet\" data-lang=\"es\"><p lang=\"es\" dir=\"ltr\">Visitando el Hospital militar de zona en Ixcotel, junto con el General Cordero,  quien nos comparte los protocolos y la organizacion para la recepci\u00f3n de pacientes covid en Oaxaca <a href=\"https:\/\/t.co\/GDpOlJpzJC\">pic.twitter.com\/GDpOlJpzJC<\/a><\/p>&mdash; Susana Harp Iturribarr\u00eda (@SusanaHarp) <a href=\"https:\/\/twitter.com\/SusanaHarp\/status\/1261348069246820352?ref_src=twsrc%5Etfw\">15 de mayo de 2020<\/a><\/blockquote><\/div>\n<\/div><\/figure>\n\n\n\n<p>Ello a pesar que durante la semana\npasada, autoridades Hospital de Alta Especialidad del Estado de Oaxaca dieron a\nconocer que lleg\u00f3 al l\u00edmite de su capacidad, al contar con las camas llenas y\nlos equipos respiratorios ocupados en estos momentos.<\/p>\n\n\n\n<p>El \u00faltimo corte refiere que en la\nentidad oaxaque\u00f1a han sido confirmados 369 casos positivos, m\u00e1s 232 sospechosos\ny 64 defunciones, siendo las regiones de Valles Centrales, Istmo y Cuenca las\nque registran mayor cantidad de personas contagiadas y defunciones.<\/p>\n\n\n\n<p>De acuerdo con la delegada para\ncoordinar las tareas de combate contra el Covid-19, desde hace d\u00edas ha\nsostenido reuniones con integrantes del Congreso local y federal, as\u00ed como con\nlas autoridades en materia de salud del gobierno de Oaxaca, a fin de evaluar\nlas acciones realizadas hasta el momento y sin hacer p\u00fablico los resultados.<\/p>\n\n\n\n<p>Mientras tanto comunidades ind\u00edgenas y\norganizaciones sociales han criticado la estrategia federal que promueve el\nregreso a la \u201cnueva normalidad\u201d a partir de este lunes 18 de mayo, en tanto los\ncasos siguen al alza en la entidad oaxaque\u00f1a.<\/p>\n","protected":false},"excerpt":{"rendered":"<p>Evlin Arag\u00f3n\/Zona Roja. Oaxaca de Ju\u00e1rez, Oax., 16 de mayo de 2020.- Luego de ocho&hellip;<\/p>\n","protected":false},"author":2,"featured_media":12471,"comment_status":"closed","ping_status":"open","sticky":false,"template":"","format":"standard","meta":{"_lmt_disableupdate":"","_lmt_disable":"","_jetpack_memberships_contains_paid_content":false,"footnotes":""},"categories":[109,47],"tags":[1685],"class_list":["post-12470","post","type-post","status-publish","format-standard","has-post-thumbnail","hentry","category-minuto-a-minuto","category-zona-gris","tag-susana-harp-iturribarria"],"jetpack_featured_media_url":"https:\/\/zonaroja.com.mx\/wp-content\/uploads\/2020\/05\/IMG_1100.jpg","jetpack_sharing_enabled":true,"_links":{"self":[{"href":"https:\/\/zonaroja.com.mx\/index.php?rest_route=\/wp\/v2\/posts\/12470","targetHints":{"allow":["GET"]}}],"collection":[{"href":"https:\/\/zonaroja.com.mx\/index.php?rest_route=\/wp\/v2\/posts"}],"about":[{"href":"https:\/\/zonaroja.com.mx\/index.php?rest_route=\/wp\/v2\/types\/post"}],"author":[{"embeddable":true,"href":"https:\/\/zonaroja.com.mx\/index.php?rest_route=\/wp\/v2\/users\/2"}],"replies":[{"embeddable":true,"href":"https:\/\/zonaroja.com.mx\/index.php?rest_route=%2Fwp%2Fv2%2Fcomments&post=12470"}],"version-history":[{"count":1,"href":"https:\/\/zonaroja.com.mx\/index.php?rest_route=\/wp\/v2\/posts\/12470\/revisions"}],"predecessor-version":[{"id":12472,"href":"https:\/\/zonaroja.com.mx\/index.php?rest_route=\/wp\/v2\/posts\/12470\/revisions\/12472"}],"wp:featuredmedia":[{"embeddable":true,"href":"https:\/\/zonaroja.com.mx\/index.php?rest_route=\/wp\/v2\/media\/12471"}],"wp:attachment":[{"href":"https:\/\/zonaroja.com.mx\/index.php?rest_route=%2Fwp%2Fv2%2Fmedia&parent=12470"}],"wp:term":[{"taxonomy":"category","embeddable":true,"href":"https:\/\/zonaroja.com.mx\/index.php?rest_route=%2Fwp%2Fv2%2Fcategories&post=12470"},{"taxonomy":"post_tag","embeddable":true,"href":"https:\/\/zonaroja.com.mx\/index.php?rest_route=%2Fwp%2Fv2%2Ftags&post=12470"}],"curies":[{"name":"wp","href":"https:\/\/api.w.org\/{rel}","templated":true}]}}