{"id":12473,"date":"2020-05-16T18:56:49","date_gmt":"2020-05-16T23:56:49","guid":{"rendered":"http:\/\/www.zonaroja.com.mx\/?p=12473"},"modified":"2020-05-16T18:56:52","modified_gmt":"2020-05-16T23:56:52","slug":"hospital-de-juchitan-cierra-puertas-a-pacientes-covid-ixtepec-tambien","status":"publish","type":"post","link":"https:\/\/zonaroja.com.mx\/?p=12473","title":{"rendered":"Hospital de Juchit\u00e1n cierra puertas a pacientes Covid; Ixtepec tambi\u00e9n"},"content":{"rendered":"\n<p>Yuridiana Sosa\/Zona Roja.<\/p>\n\n\n\n<p>Oaxaca de Ju\u00e1rez, Oax., 16 de mayo de\n2020.- Personal de Hospital General \u201cDr. Macedonio Ben\u00edtez Fuentes\u201d de Juchit\u00e1n\nde Zaragoza, decidi\u00f3 dejar de atender a pacientes Covid-19, pues se\u00f1al\u00f3 que no est\u00e1\nasignado para enfrentarla pandemia.<\/p>\n\n\n\n<p>Los trabajadores del nosocomio\nanunciaron a la poblaci\u00f3n sobre esta medida a trav\u00e9s de una lona que instalaron\nen el acceso, en la que refieren que se basaron en las declaraciones que\nrealiz\u00f3 el gobernador Alejandro Murat, en la que mencion\u00f3 que ese sitio\nhospitalario \u201cno est\u00e1 asignado, ni habilitado como centro Covid-19\u201d.<\/p>\n\n\n\n<p>A pesar que en ese hospital se\natendieron con anterioridad a enfermos de coronavirus, a partir de las primeras\nhoras de este s\u00e1bado el escenario cambi\u00f3.<\/p>\n\n\n\n<p>\u201cLas personas que presenten enfermedades\nrespiratorias deber\u00e1n acudir al Hospital de Especialidades de Juchit\u00e1n,\nHospital Regional de Alta Especialidad de Oaxaca, Hospital de la Mujer y el\nNi\u00f1o Oaxaque\u00f1o y el Hospital de la Ni\u00f1ez Oaxaque\u00f1a, para su atenci\u00f3n m\u00e9dica\u201d,\nrefiere el anuncio del personal m\u00e9dico.<\/p>\n\n\n\n<p>En el Hospital \u201cDr. Macedonio Ben\u00edtez\nFuentes\u201d, destacaron, \u00fanicamente dar\u00e1n atenci\u00f3n de primer contacto.<\/p>\n\n\n\n<p>Sin embargo, el hospital Materno\nInfantil en Juchit\u00e1n que el gobierno del estado anunci\u00f3 que fue designado como\ncentro Covid-19 tampoco ha iniciado funciones.<\/p>\n\n\n\n<p>TAMBI\u00c9N IXTEPEC<\/p>\n\n\n\n<p>Por otra parte, el presidente municipal\nde Ciudad Ixtepec, Rogelio Cheng L\u00f3pez, exigi\u00f3 a los Servicios de Salud de\nOaxaca el traslado de un paciente sospechoso de Covid-19 que arrib\u00f3 a hospital\nde ese municipio, para que sea atendido en otro nosocomio.<\/p>\n\n\n\n<p>La autoridad municipal indic\u00f3 que el\nnosocomio de su comunidad no cuenta con la infraestructura, personal m\u00e9dico e\ninsumos suficientes para atender a pacientes con coronavirus.<\/p>\n\n\n\n<p>Manifest\u00f3 la preocupaci\u00f3n de la\npoblaci\u00f3n sobre esa situaci\u00f3n debido a que hasta la ma\u00f1ana de este 16 de mayo\neste municipio no cuenta con casos positivos de Covid-19.<\/p>\n\n\n\n<p>\u201cQue nos arriesguen con un paciente, no\nes solo una estad\u00edstica es un riesgo, pido que sea atendido en un lugar\nadecuada bajo las condiciones adecuadas\u201d, indic\u00f3 el edil en conferencia de\nprensa esta ma\u00f1ana.<\/p>\n","protected":false},"excerpt":{"rendered":"<p>Yuridiana Sosa\/Zona Roja. Oaxaca de Ju\u00e1rez, Oax., 16 de mayo de 2020.- Personal de Hospital&hellip;<\/p>\n","protected":false},"author":2,"featured_media":12474,"comment_status":"closed","ping_status":"open","sticky":false,"template":"","format":"standard","meta":{"_lmt_disableupdate":"","_lmt_disable":"","_jetpack_memberships_contains_paid_content":false,"footnotes":""},"categories":[109,47],"tags":[1512],"class_list":["post-12473","post","type-post","status-publish","format-standard","has-post-thumbnail","hentry","category-minuto-a-minuto","category-zona-gris","tag-coronavirus-oaxaca"],"jetpack_featured_media_url":"https:\/\/zonaroja.com.mx\/wp-content\/uploads\/2020\/05\/Hospital-Juchit\u00e1n.jpg","jetpack_sharing_enabled":true,"_links":{"self":[{"href":"https:\/\/zonaroja.com.mx\/index.php?rest_route=\/wp\/v2\/posts\/12473","targetHints":{"allow":["GET"]}}],"collection":[{"href":"https:\/\/zonaroja.com.mx\/index.php?rest_route=\/wp\/v2\/posts"}],"about":[{"href":"https:\/\/zonaroja.com.mx\/index.php?rest_route=\/wp\/v2\/types\/post"}],"author":[{"embeddable":true,"href":"https:\/\/zonaroja.com.mx\/index.php?rest_route=\/wp\/v2\/users\/2"}],"replies":[{"embeddable":true,"href":"https:\/\/zonaroja.com.mx\/index.php?rest_route=%2Fwp%2Fv2%2Fcomments&post=12473"}],"version-history":[{"count":1,"href":"https:\/\/zonaroja.com.mx\/index.php?rest_route=\/wp\/v2\/posts\/12473\/revisions"}],"predecessor-version":[{"id":12475,"href":"https:\/\/zonaroja.com.mx\/index.php?rest_route=\/wp\/v2\/posts\/12473\/revisions\/12475"}],"wp:featuredmedia":[{"embeddable":true,"href":"https:\/\/zonaroja.com.mx\/index.php?rest_route=\/wp\/v2\/media\/12474"}],"wp:attachment":[{"href":"https:\/\/zonaroja.com.mx\/index.php?rest_route=%2Fwp%2Fv2%2Fmedia&parent=12473"}],"wp:term":[{"taxonomy":"category","embeddable":true,"href":"https:\/\/zonaroja.com.mx\/index.php?rest_route=%2Fwp%2Fv2%2Fcategories&post=12473"},{"taxonomy":"post_tag","embeddable":true,"href":"https:\/\/zonaroja.com.mx\/index.php?rest_route=%2Fwp%2Fv2%2Ftags&post=12473"}],"curies":[{"name":"wp","href":"https:\/\/api.w.org\/{rel}","templated":true}]}}