{"id":12476,"date":"2020-05-16T20:46:04","date_gmt":"2020-05-17T01:46:04","guid":{"rendered":"http:\/\/www.zonaroja.com.mx\/?p=12476"},"modified":"2020-05-16T21:21:23","modified_gmt":"2020-05-17T02:21:23","slug":"asesinan-en-sonora-empresario-de-medio-de-comunicacion","status":"publish","type":"post","link":"https:\/\/zonaroja.com.mx\/?p=12476","title":{"rendered":"Asesinan en Sonora empresario de medio de comunicaci\u00f3n"},"content":{"rendered":"\n<p>Redacci\u00f3n\/Zona Roja.<\/p>\n\n\n\n<p>Oaxaca de Ju\u00e1rez, Oax., 16 de mayo de\n2020.- Un grupo de sicarios acribill\u00f3 al empresario art\u00edstico y de\ncomunicaciones, Jorge Armenta \u00c1valos, due\u00f1o del portal \u201cMedios Obson\u201d, adem\u00e1s\nde su escolta y un comandante municipal mientras se reun\u00edan en un c\u00e9ntrico\nrestaurante de la ciudad de Cajeme, ubicada al sur de Sonora. <\/p>\n\n\n\n<p>De acuerdo con informaci\u00f3n de \u201cLa\nJornada\u201d, el ataque armado se registr\u00f3 alrededor de las 14:30 horas de este\ns\u00e1bado&nbsp; en un restaurante ubicado en las\ncalles Chihuahua y Allende de Ciudad Obreg\u00f3n.<\/p>\n\n\n\n<p>Ocurri\u00f3 cuando Armenta \u00c1valos se\nencontraba reunido con varias personas entre ellos su escolta y un comandante\nde la Polic\u00eda Municipal, Rafael V\u00e1zquez y Orlando Ruvalcaba.<\/p>\n\n\n\n<p>En su cuenta\nde Twitter, la gobernadora Claudia Pavlovich Arellano conden\u00f3 los hechos contra\nel empresario, adem\u00e1s dijo:<\/p>\n\n\n\n<p>\u201cLa Fiscal\u00eda\nGeneral de Justicia confirm\u00f3 el ataque y detall\u00f3 que el empresario perdi\u00f3 la\nvida en el lugar, mientras los dos elementos municipales fallecieron mientras\nrecib\u00edan atenci\u00f3n m\u00e9dica\u201d. <\/p>\n\n\n\n<p>A\u00f1adi\u00f3 que\nabri\u00f3 una carpeta de investigaci\u00f3n para dar con los responsables, refiere la\ninformaci\u00f3n de \u201cLa Jornada\u201d. <\/p>\n\n\n\n<p>Jorge Armenta\n\u00c1valos era reconocido en el sur de Sonora como empresario art\u00edstico, organizaba\neventos multitudinarios como la Expo de Cajeme; adem\u00e1s era director del portal\nde noticias \u201cMedios Obson\u201d. <\/p>\n\n\n\n<p>En el 2016\ndenunci\u00f3 ante la Fiscal\u00eda Estatal una serie de amenazas, por lo que se le\nasign\u00f3 a un elemento de la policia municipal, el mismo que perdi\u00f3 la vida en\neste ataque.&nbsp; <\/p>\n","protected":false},"excerpt":{"rendered":"<p>Redacci\u00f3n\/Zona Roja. Oaxaca de Ju\u00e1rez, Oax., 16 de mayo de 2020.- Un grupo de sicarios&hellip;<\/p>\n","protected":false},"author":2,"featured_media":12479,"comment_status":"closed","ping_status":"open","sticky":false,"template":"","format":"standard","meta":{"_lmt_disableupdate":"","_lmt_disable":"","_jetpack_memberships_contains_paid_content":false,"footnotes":""},"categories":[109,51],"tags":[1691,1692],"class_list":["post-12476","post","type-post","status-publish","format-standard","has-post-thumbnail","hentry","category-minuto-a-minuto","category-zona-roja","tag-jorge-armenta-avalos","tag-medios-obson-sonora"],"jetpack_featured_media_url":"https:\/\/zonaroja.com.mx\/wp-content\/uploads\/2020\/05\/img_1186.jpg","jetpack_sharing_enabled":true,"_links":{"self":[{"href":"https:\/\/zonaroja.com.mx\/index.php?rest_route=\/wp\/v2\/posts\/12476","targetHints":{"allow":["GET"]}}],"collection":[{"href":"https:\/\/zonaroja.com.mx\/index.php?rest_route=\/wp\/v2\/posts"}],"about":[{"href":"https:\/\/zonaroja.com.mx\/index.php?rest_route=\/wp\/v2\/types\/post"}],"author":[{"embeddable":true,"href":"https:\/\/zonaroja.com.mx\/index.php?rest_route=\/wp\/v2\/users\/2"}],"replies":[{"embeddable":true,"href":"https:\/\/zonaroja.com.mx\/index.php?rest_route=%2Fwp%2Fv2%2Fcomments&post=12476"}],"version-history":[{"count":1,"href":"https:\/\/zonaroja.com.mx\/index.php?rest_route=\/wp\/v2\/posts\/12476\/revisions"}],"predecessor-version":[{"id":12477,"href":"https:\/\/zonaroja.com.mx\/index.php?rest_route=\/wp\/v2\/posts\/12476\/revisions\/12477"}],"wp:featuredmedia":[{"embeddable":true,"href":"https:\/\/zonaroja.com.mx\/index.php?rest_route=\/wp\/v2\/media\/12479"}],"wp:attachment":[{"href":"https:\/\/zonaroja.com.mx\/index.php?rest_route=%2Fwp%2Fv2%2Fmedia&parent=12476"}],"wp:term":[{"taxonomy":"category","embeddable":true,"href":"https:\/\/zonaroja.com.mx\/index.php?rest_route=%2Fwp%2Fv2%2Fcategories&post=12476"},{"taxonomy":"post_tag","embeddable":true,"href":"https:\/\/zonaroja.com.mx\/index.php?rest_route=%2Fwp%2Fv2%2Ftags&post=12476"}],"curies":[{"name":"wp","href":"https:\/\/api.w.org\/{rel}","templated":true}]}}