{"id":12492,"date":"2020-05-17T08:02:07","date_gmt":"2020-05-17T13:02:07","guid":{"rendered":"http:\/\/www.zonaroja.com.mx\/?p=12492"},"modified":"2020-05-17T08:02:11","modified_gmt":"2020-05-17T13:02:11","slug":"caminos-pavimentados-transforman-la-vida-de-los-pueblos-indigenas-inpi","status":"publish","type":"post","link":"https:\/\/zonaroja.com.mx\/?p=12492","title":{"rendered":"Caminos pavimentados transforman la vida de los pueblos ind\u00edgenas: INPI"},"content":{"rendered":"\n<p>Redacci\u00f3n\/Zona Roja Cdmx.<\/p>\n\n\n\n<p>Ciudad de M\u00e9xico, 17 de mayo de 2020.- Adem\u00e1s\nde otorgar condiciones de comunicaci\u00f3n con altos est\u00e1ndares de calidad en\nbeneficio de miles de personas, el Programa de Pavimentaci\u00f3n a Cabeceras Municipales\nInd\u00edgenas transforma la vida de las comunidades, dinamiza sus sistemas\nmicroecon\u00f3micos, mejora los servicios p\u00fablicos y fortalece la autonom\u00eda y la\norganizaci\u00f3n comunitaria.<\/p>\n\n\n\n<p>El director general del Instituto\nNacional de los Pueblos Ind\u00edgenas (INPI), Adelfo Regino Montes, present\u00f3 ayer los\navances que se tienen de dicho esquema, en conferencia de prensa en Palacio\nNacional, en compa\u00f1\u00eda de Luisa Mar\u00eda Alcalde Luj\u00e1n, Secretaria del Trabajo y\nPrevisi\u00f3n Social; Javier Jim\u00e9nez Espri\u00fa, secretario de Comunicaciones y\nTransportes, y Cedric Iv\u00e1n Escalante Sauri, subsecretario de Infraestructura.<\/p>\n\n\n\n<p>El programa fue inaugurado el 22 de diciembre\nde 2018 por el presidente Andr\u00e9s Manuel L\u00f3pez Obrador, en San Juan Evangelista\nAnalco, en la Sierra Norte de Oaxaca.<\/p>\n\n\n\n<p>El titular del INPI precis\u00f3 que durante\n2019 las obras de pavimentaci\u00f3n generaron m\u00e1s de 31 mil 110 empleos directos,\nde los cuales m\u00e1s del 20 por ciento fueron para mujeres ind\u00edgenas. <\/p>\n\n\n\n<p>Asimismo, en 2020 este programa generar\u00e1\n47 mil 910 empleos en 133 municipios del estado de Oaxaca, lo que se traduce en\nuna inversi\u00f3n de dos mil 300 millones de pesos que est\u00e1n reactivando la\neconom\u00eda de comercios y prestadores de servicios en toda la regi\u00f3n.<\/p>\n\n\n\n<p>En 2020 la cifra de poblaci\u00f3n\nbeneficiaria es de 339 mil 388 habitantes de los 133 municipios, los cuales son\ncatalogados como de \u201calta\u201d y \u201cmuy alta marginaci\u00f3n\u201d.<\/p>\n\n\n\n<p>Regino Montes inform\u00f3 que de 417\nmunicipios que se rigen por Usos y Costumbres, 300 no tienen caminos\npavimentados.<\/p>\n\n\n\n<p>Destac\u00f3 la gran coordinaci\u00f3n que ha habido\nentre ambas instituciones &#8211;INPI y SCT&#8211; para hacer posible este exitoso\nprograma, cuyo prop\u00f3sito es encontrar mejores condiciones de bienestar en las\ncomunidades ind\u00edgenas y beneficiar la econom\u00eda local, adem\u00e1s de impulsar el\ndesarrollo y comunicar a las comunidades m\u00e1s alejadas.<\/p>\n\n\n\n<p>Dijo que son cuatro los beneficios\nprincipales de este programa: 1) contar con caminos seguros y acceso a los\nservicios p\u00fablicos; 2) generaci\u00f3n de empleos y reactivaci\u00f3n econ\u00f3mica; 3)\narticulaci\u00f3n e integraci\u00f3n regional; 4) fortalecimiento de la autonom\u00eda y\norganizaci\u00f3n comunitaria.<\/p>\n\n\n\n<p>Adem\u00e1s, los nuevos caminos han permitido\nel traslado \u00e1gil, seguro y oportuno de personas, servicios, bienes y mercanc\u00edas\ndurante la pandemia por Covid-19.<\/p>\n\n\n\n<p>Por su parte, el secretario de Comunicaciones y Transportes, Javier Jim\u00e9nez Espri\u00fa, expres\u00f3 que los caminos cumplen m\u00faltiples prop\u00f3sitos entre los cuales destac\u00f3 la reparaci\u00f3n de una deuda hist\u00f3rica con los pueblos ind\u00edgenas, con respeto absoluto a sus autonom\u00edas.<\/p>\n\n\n\n<figure class=\"wp-block-image\"><img decoding=\"async\" width=\"682\" height=\"1024\" src=\"http:\/\/www.zonaroja.com.mx\/wp-content\/uploads\/2020\/05\/Adelfo-Regino-M.-682x1024.jpeg\" alt=\"\" class=\"wp-image-12493\" srcset=\"https:\/\/zonaroja.com.mx\/wp-content\/uploads\/2020\/05\/Adelfo-Regino-M.-682x1024.jpeg 682w, https:\/\/zonaroja.com.mx\/wp-content\/uploads\/2020\/05\/Adelfo-Regino-M.-200x300.jpeg 200w, https:\/\/zonaroja.com.mx\/wp-content\/uploads\/2020\/05\/Adelfo-Regino-M.-768x1152.jpeg 768w, https:\/\/zonaroja.com.mx\/wp-content\/uploads\/2020\/05\/Adelfo-Regino-M.-585x878.jpeg 585w, https:\/\/zonaroja.com.mx\/wp-content\/uploads\/2020\/05\/Adelfo-Regino-M..jpeg 853w\" sizes=\"(max-width: 682px) 100vw, 682px\" \/><\/figure>\n\n\n\n<p>DESECHAN \u201cCONTRATISMO\u201d<\/p>\n\n\n\n<p>Escalante Sauri, subsecretario de\nInfraestuctura, inform\u00f3 que son 45 los \u201cmunicipios de esperanza\u201d en los que\nactualmente se puede seguir trabajando; adem\u00e1s de que este a\u00f1o se pretende\nconcluir con caminos de 133 municipios en el estado de Oaxaca.<\/p>\n\n\n\n<p>Por \u00faltimo, Regino Montes, enfatiz\u00f3 la\nimportancia de la participaci\u00f3n comunitaria, puesto que por primera vez el\nGobierno de M\u00e9xico reconoce a los municipios y comunidades ind\u00edgenas como\nsujetos de derecho p\u00fablico, respetando las asambleas comunitarias que\nsupervisan las obras y retoman los conocimientos y las t\u00e9cnicas constructivas\nartesanales como los que se pueden observar en Monte Alb\u00e1n.<\/p>\n\n\n\n<p>La recuperaci\u00f3n de t\u00e9cnicas\nconstructivas tradicionales; el fortalecimiento de la organizaci\u00f3n comunitaria\nde los pueblos, sus autoridades y sistemas organizativos tradicionales y su\ncapacidad de decisi\u00f3n y participaci\u00f3n pol\u00edtica, son otros aspectos positivos\ndel programa, que en 2019 dio pie a que se realizaran m\u00e1s de 216 asambleas\ncomunitarias para la realizaci\u00f3n de estos caminos y en 2020 se espera que se\nrealicen 399 asambleas, las cuales ser\u00e1n reconocidas por la Secretar\u00eda de la\nFunci\u00f3n P\u00fablica (SFP).<\/p>\n\n\n\n<p>Con esta nueva intercomunicaci\u00f3n, las\ncomunidades ejercen su capacidad de toma de decisiones colectiva sobre temas que\nata\u00f1en a su regi\u00f3n, generan intercambios econ\u00f3micos, participan en actividades\nconjuntas y se articulan a nivel intercomunitario que permita su reconstituci\u00f3n\ncomo pueblos ind\u00edgenas.<\/p>\n\n\n\n<p>Cabe destacar que esta forma de\norganizaci\u00f3n para la construcci\u00f3n de caminos basada en el tequio, con respeto a\nlas decisiones de las asambleas comunitarias, la entrega de los recursos\np\u00fablicos directamente a las autoridades municipales ind\u00edgenas y con la mano de\nobra de mujeres y hombres de las mismas comunidades beneficiadas, supera el\nesquema del \u201ccontratismo\u201d con empresas externas que generaban corrupci\u00f3n y\nobras de mala calidad.<\/p>\n\n\n\n<p>Ahora todos los recursos son vigilados\npor contralor\u00edas comunitarias conformadas por las asambleas y los comit\u00e9s de\nobra, la comunidad cuenta con toda la informaci\u00f3n y tiene en todo momento\nfacultades para reportar deficiencias o desv\u00edos de recursos; este esquema\nbasado en el respeto a la autonom\u00eda de los pueblos ind\u00edgenas, muestra la\ncapacidad de las comunidades para ejercer recursos p\u00fablicos con eficiencia y\nhonestidad.<\/p>\n","protected":false},"excerpt":{"rendered":"<p>Redacci\u00f3n\/Zona Roja Cdmx. Ciudad de M\u00e9xico, 17 de mayo de 2020.- Adem\u00e1s de otorgar condiciones&hellip;<\/p>\n","protected":false},"author":2,"featured_media":12494,"comment_status":"closed","ping_status":"open","sticky":false,"template":"","format":"standard","meta":{"_lmt_disableupdate":"","_lmt_disable":"","_jetpack_memberships_contains_paid_content":false,"footnotes":""},"categories":[109,46],"tags":[557,558],"class_list":["post-12492","post","type-post","status-publish","format-standard","has-post-thumbnail","hentry","category-minuto-a-minuto","category-zona-blanca","tag-adelfo-regino-montes","tag-instituto-nacional-de-pueblos-indigenas"],"jetpack_featured_media_url":"https:\/\/zonaroja.com.mx\/wp-content\/uploads\/2020\/05\/FOTO1.jpeg","jetpack_sharing_enabled":true,"_links":{"self":[{"href":"https:\/\/zonaroja.com.mx\/index.php?rest_route=\/wp\/v2\/posts\/12492","targetHints":{"allow":["GET"]}}],"collection":[{"href":"https:\/\/zonaroja.com.mx\/index.php?rest_route=\/wp\/v2\/posts"}],"about":[{"href":"https:\/\/zonaroja.com.mx\/index.php?rest_route=\/wp\/v2\/types\/post"}],"author":[{"embeddable":true,"href":"https:\/\/zonaroja.com.mx\/index.php?rest_route=\/wp\/v2\/users\/2"}],"replies":[{"embeddable":true,"href":"https:\/\/zonaroja.com.mx\/index.php?rest_route=%2Fwp%2Fv2%2Fcomments&post=12492"}],"version-history":[{"count":1,"href":"https:\/\/zonaroja.com.mx\/index.php?rest_route=\/wp\/v2\/posts\/12492\/revisions"}],"predecessor-version":[{"id":12495,"href":"https:\/\/zonaroja.com.mx\/index.php?rest_route=\/wp\/v2\/posts\/12492\/revisions\/12495"}],"wp:featuredmedia":[{"embeddable":true,"href":"https:\/\/zonaroja.com.mx\/index.php?rest_route=\/wp\/v2\/media\/12494"}],"wp:attachment":[{"href":"https:\/\/zonaroja.com.mx\/index.php?rest_route=%2Fwp%2Fv2%2Fmedia&parent=12492"}],"wp:term":[{"taxonomy":"category","embeddable":true,"href":"https:\/\/zonaroja.com.mx\/index.php?rest_route=%2Fwp%2Fv2%2Fcategories&post=12492"},{"taxonomy":"post_tag","embeddable":true,"href":"https:\/\/zonaroja.com.mx\/index.php?rest_route=%2Fwp%2Fv2%2Ftags&post=12492"}],"curies":[{"name":"wp","href":"https:\/\/api.w.org\/{rel}","templated":true}]}}