{"id":12496,"date":"2020-05-17T10:43:11","date_gmt":"2020-05-17T15:43:11","guid":{"rendered":"http:\/\/www.zonaroja.com.mx\/?p=12496"},"modified":"2020-05-17T10:58:39","modified_gmt":"2020-05-17T15:58:39","slug":"burlo-ambulancia-de-sedena-filtro-en-ixtepec-insisten-en-rechazar-paciente","status":"publish","type":"post","link":"https:\/\/zonaroja.com.mx\/?p=12496","title":{"rendered":"Burl\u00f3 ambulancia de Sedena filtro en Ixtepec; insisten en rechazar paciente"},"content":{"rendered":"\n<p>Ismael Garc\u00eda M.\/Zona Roja.<\/p>\n\n\n\n<p>Oaxaca de Ju\u00e1rez, Oax., La autoridad\nmunicipal de Ciudad Ixtepec, Oaxaca, insisti\u00f3 hoy en rechazar la entrada de\npacientes con probables s\u00edntomas de Covid-19, porque pone en riesgo al personal\nm\u00e9dico y a la poblaci\u00f3n de esa ciudad del Istmo de Tehuantepec.<\/p>\n\n\n\n<p>Denunci\u00f3 asimismo que personal de la\nSecretar\u00eda de la Defensa Nacional (Sedena) burl\u00f3 ayer un filtro sanitario con\nsu ambulancia y estuvo a punto de arrollar a los vigilantes, para pasar con un enfermo\nque llevaron ayer al hospital de ese municipio.<\/p>\n\n\n\n<p>A la oposici\u00f3n a atender a pacientes con probable coronavirus se uni\u00f3 la delegaci\u00f3n de la Secci\u00f3n 35 del Sindicato Nacional de Trabajadores de la Secretar\u00eda de Salud, que denunci\u00f3 que no cuentan con material ni insumos ni equipos para atender esas situaciones.<\/p>\n\n\n\n<figure class=\"wp-block-embed-twitter wp-block-embed is-type-rich is-provider-twitter\"><div class=\"wp-block-embed__wrapper\">\n<div class=\"twitter-tweet\"><blockquote class=\"twitter-tweet\" data-lang=\"es\"><p lang=\"es\" dir=\"ltr\"><a href=\"https:\/\/twitter.com\/hashtag\/CoronavirusEmergenciaSanitaria?src=hash&amp;ref_src=twsrc%5Etfw\">#CoronavirusEmergenciaSanitaria<\/a><br>La delegaci\u00f3n sindical de trabajadores de los <a href=\"https:\/\/twitter.com\/SSO_GobOax?ref_src=twsrc%5Etfw\">@SSO_GobOax<\/a> y la autoridad municipal de Ciudad <a href=\"https:\/\/twitter.com\/hashtag\/Ixtepec?src=hash&amp;ref_src=twsrc%5Etfw\">#Ixtepec<\/a>, <a href=\"https:\/\/twitter.com\/hashtag\/Oaxaca?src=hash&amp;ref_src=twsrc%5Etfw\">#Oaxaca<\/a>, insistieron hoy en rechazar pacientes Covid en el hospital. <br>Denuncian que <a href=\"https:\/\/twitter.com\/SEDENAmx?ref_src=twsrc%5Etfw\">@SEDENAmx<\/a> burl\u00f3 el filtro sanitario que instalaron. <a href=\"https:\/\/t.co\/RDrMEpCp3T\">pic.twitter.com\/RDrMEpCp3T<\/a><\/p>&mdash; Zona Roja Oaxaca (@MexRoja) <a href=\"https:\/\/twitter.com\/MexRoja\/status\/1262035313288871937?ref_src=twsrc%5Etfw\">17 de mayo de 2020<\/a><\/blockquote><\/div>\n<\/div><\/figure>\n\n\n\n<p>\u201cAyer el hospital recibi\u00f3 un paciente\nque fue trasladado por una ambulancia de la Sedena, que atraves\u00f3 nuestro filtro\nen la parte sur de la ciudad, de manera violenta, sin detenerse en el filtro,\npas\u00f3 de manera irresponsable.<\/p>\n\n\n\n<p>\u201cTraslad\u00f3 a un paciente con una neumon\u00eda\ngrave, que no tenemos el diagn\u00f3stico, pero es muy probable que sea por\nCovid-19; fue recibido en el hospital, reconozco el trabajo de los compa\u00f1eros\nque responsablemente tuvieron que aceptar al paciente.<\/p>\n\n\n\n<p>\u201cPero no se va a poner en riesgo la vida\nde ning\u00fan ciudadano aunque no sea de Ixtepec; no queremos poner un filtro que\nevite que pasen las personas, sino que sea con responsabilidad, de respeto, que\nla gente pase sin riesgo para la poblaci\u00f3n; vamos a fortalecer nuestros filtros\nen la zona sur, poniente y el interno. No tenemos pacientes sospechosos y no es\ncorrecto que nos lo traigan ahora\u201d, dijo en conferencia el edil de Ixtepec\u201d, Rogelio\nCheng L\u00f3pez.<\/p>\n\n\n\n<p>Por su parte, el delegado sindical del hospital, Eloy L\u00f3pez G\u00f3mez, inform\u00f3 que ayer actuaron con responsabilidad y aceptaron al paciente; sin embargo, no est\u00e1 habilitado para atender pacientes con coronavirus ni hay el equipo ni los materiales de protecci\u00f3n necesarios.<\/p>\n\n\n\n<figure class=\"wp-block-embed-twitter wp-block-embed is-type-rich is-provider-twitter\"><div class=\"wp-block-embed__wrapper\">\n<div class=\"twitter-tweet\"><blockquote class=\"twitter-tweet\" data-lang=\"es\"><p lang=\"es\" dir=\"ltr\"><a href=\"https:\/\/twitter.com\/hashtag\/CoronavirusEmergenciaSanitaria?src=hash&amp;ref_src=twsrc%5Etfw\">#CoronavirusEmergenciaSanitaria<\/a><br>A su vez, eL edil de Ciudad <a href=\"https:\/\/twitter.com\/hashtag\/Ixtepec?src=hash&amp;ref_src=twsrc%5Etfw\">#Ixtepec<\/a>, Rogelio Cheng, dijo que el municipio no tiene pacientes con Covid-19, por lo que no permitir\u00e1n pacientes con esa enfermedad y reforzar\u00e1n sus filtros sanitarios. <a href=\"https:\/\/t.co\/5mAaKpysum\">pic.twitter.com\/5mAaKpysum<\/a><\/p>&mdash; Zona Roja Oaxaca (@MexRoja) <a href=\"https:\/\/twitter.com\/MexRoja\/status\/1262045598976323584?ref_src=twsrc%5Etfw\">17 de mayo de 2020<\/a><\/blockquote><\/div>\n<\/div><\/figure>\n\n\n\n<p>\u201cLa base trabajadora manifiesta su\ninconformidad que la autoridad les haya llevado a un paciente a un hospital que\nno cumple con las condiciones; para eso se asignaron por instrucciones del\ngobernador cuatro hospitales en el estado.<\/p>\n\n\n\n<p>\u201cLa inconformidad tambi\u00e9n es que la\nautoridad hab\u00eda dicho que iba a habilitar el Hospital de Especialidades de\nJuchit\u00e1n y hasta el d\u00eda de hoy no ha habido ning\u00fan avance. La poblaci\u00f3n de\nIxtepec ha sido cuidadosa y ha cumplido con los lineamientos para no\ncontagiarse y se nos hace una irresponsabilidad el hecho que nos env\u00eden a un\npaciente. <\/p>\n\n\n\n<p>\u201cNo se va a recibir a ning\u00fan paciente con esos s\u00edntomas; no nos apartamos de nuestro trabajo pero s\u00ed que nos den las condiciones, los materiales, los equipos\u201d, recalc\u00f3. Al final el paciente fue trasladado a una cl\u00ednica de la Sedena tambi\u00e9n en Ixtepec.<\/p>\n\n\n\n<figure class=\"wp-block-image\"><img decoding=\"async\" width=\"1024\" height=\"564\" src=\"http:\/\/www.zonaroja.com.mx\/wp-content\/uploads\/2020\/05\/Conferencia-Ixtepec-1024x564.jpg\" alt=\"\" class=\"wp-image-12497\" srcset=\"https:\/\/zonaroja.com.mx\/wp-content\/uploads\/2020\/05\/Conferencia-Ixtepec-1024x564.jpg 1024w, https:\/\/zonaroja.com.mx\/wp-content\/uploads\/2020\/05\/Conferencia-Ixtepec-300x165.jpg 300w, https:\/\/zonaroja.com.mx\/wp-content\/uploads\/2020\/05\/Conferencia-Ixtepec-768x423.jpg 768w, https:\/\/zonaroja.com.mx\/wp-content\/uploads\/2020\/05\/Conferencia-Ixtepec-585x322.jpg 585w, https:\/\/zonaroja.com.mx\/wp-content\/uploads\/2020\/05\/Conferencia-Ixtepec.jpg 1125w\" sizes=\"(max-width: 1024px) 100vw, 1024px\" \/><\/figure>\n","protected":false},"excerpt":{"rendered":"<p>Ismael Garc\u00eda M.\/Zona Roja. Oaxaca de Ju\u00e1rez, Oax., La autoridad municipal de Ciudad Ixtepec, Oaxaca,&hellip;<\/p>\n","protected":false},"author":2,"featured_media":12500,"comment_status":"closed","ping_status":"open","sticky":false,"template":"","format":"standard","meta":{"_lmt_disableupdate":"","_lmt_disable":"","_jetpack_memberships_contains_paid_content":false,"footnotes":""},"categories":[109,47],"tags":[703,1512],"class_list":["post-12496","post","type-post","status-publish","format-standard","has-post-thumbnail","hentry","category-minuto-a-minuto","category-zona-gris","tag-ciudad-ixtepec","tag-coronavirus-oaxaca"],"jetpack_featured_media_url":"https:\/\/zonaroja.com.mx\/wp-content\/uploads\/2020\/05\/Hospital-Ixtepec.jpg","jetpack_sharing_enabled":true,"_links":{"self":[{"href":"https:\/\/zonaroja.com.mx\/index.php?rest_route=\/wp\/v2\/posts\/12496","targetHints":{"allow":["GET"]}}],"collection":[{"href":"https:\/\/zonaroja.com.mx\/index.php?rest_route=\/wp\/v2\/posts"}],"about":[{"href":"https:\/\/zonaroja.com.mx\/index.php?rest_route=\/wp\/v2\/types\/post"}],"author":[{"embeddable":true,"href":"https:\/\/zonaroja.com.mx\/index.php?rest_route=\/wp\/v2\/users\/2"}],"replies":[{"embeddable":true,"href":"https:\/\/zonaroja.com.mx\/index.php?rest_route=%2Fwp%2Fv2%2Fcomments&post=12496"}],"version-history":[{"count":2,"href":"https:\/\/zonaroja.com.mx\/index.php?rest_route=\/wp\/v2\/posts\/12496\/revisions"}],"predecessor-version":[{"id":12499,"href":"https:\/\/zonaroja.com.mx\/index.php?rest_route=\/wp\/v2\/posts\/12496\/revisions\/12499"}],"wp:featuredmedia":[{"embeddable":true,"href":"https:\/\/zonaroja.com.mx\/index.php?rest_route=\/wp\/v2\/media\/12500"}],"wp:attachment":[{"href":"https:\/\/zonaroja.com.mx\/index.php?rest_route=%2Fwp%2Fv2%2Fmedia&parent=12496"}],"wp:term":[{"taxonomy":"category","embeddable":true,"href":"https:\/\/zonaroja.com.mx\/index.php?rest_route=%2Fwp%2Fv2%2Fcategories&post=12496"},{"taxonomy":"post_tag","embeddable":true,"href":"https:\/\/zonaroja.com.mx\/index.php?rest_route=%2Fwp%2Fv2%2Ftags&post=12496"}],"curies":[{"name":"wp","href":"https:\/\/api.w.org\/{rel}","templated":true}]}}