{"id":12501,"date":"2020-05-17T11:24:01","date_gmt":"2020-05-17T16:24:01","guid":{"rendered":"http:\/\/www.zonaroja.com.mx\/?p=12501"},"modified":"2020-05-17T11:24:04","modified_gmt":"2020-05-17T16:24:04","slug":"piden-ediles-de-7-comunidades-del-sector-villa-alta-reforzar-filtros","status":"publish","type":"post","link":"https:\/\/zonaroja.com.mx\/?p=12501","title":{"rendered":"Piden ediles de 7 comunidades del sector Villa Alta reforzar filtros"},"content":{"rendered":"\n<p>Ismael Garc\u00eda\/Zona Roja.<\/p>\n\n\n\n<p>Oaxaca de Ju\u00e1rez, Oax., 17 de mayo de\n2020.- Autoridades municipales y auxiliares de siete localidades del distrito\nde Villa Alta pidieron al gobierno federal como al estatal reforzar sus filtros\nde seguridad, a fin de reiniciar actividades, si las condiciones lo permiten.<\/p>\n\n\n\n<p>En un oficio dirigido a las autoridades\nfederales y estatales, representantes de San Andr\u00e9s Ya\u00e1, San Crist\u00f3bal\nLachirioag, Santa Mar\u00eda Temaxcalapa, San Ildefonso Villa Alta, San Francisco\nYatee, Santo Tom\u00e1s Lachita\u00e1 y San Melchor Betaza, reiteraron su prioridad de\npreservar la salud de sus pobladores.<\/p>\n\n\n\n<p>Respaldaron tambi\u00e9n la decisi\u00f3n de San\nAndr\u00e9s Ya\u00e1 de cerrar el camino que conduce de Totontepec Villa de Morelos y\nhacia Villa Alta, a fin de salvaguardar la integridad de sus ciudadanos y\nevitar cualquier riesgo de contagio.<\/p>\n\n\n\n<p>De la misma manera, remarcaron que\n\u00fanicamente permitir\u00e1n el acceso a dichas poblaciones por la ruta D\u00edaz\nOrdaz-Villa Alta y bajo un estricto control, con paso de 08:00 a 20:00 horas\nsolamente.<\/p>\n\n\n\n<p>Se permitir\u00e1 el paso \u00fanicamente al\nveh\u00edculo proveedor de la tienda Diconsa y a los que designe cada comunidad; el\nhospital del IMSS de Villa Alta brindar\u00e1 los servicios de urgencias,\nhospitalizaci\u00f3n, vigilancia a embarazadas, parto y puerperio as\u00ed como consulta\nexterna programad.<\/p>\n\n\n\n<p>En caso de que alg\u00fan ciudadano de una\ncomunidad externa quiera ingresar a alguno de los pueblos citados, deber\u00e1\npresentar identificaci\u00f3n oficial y un documento firmado por su autoridad.<\/p>\n\n\n\n<p>\u201cEl acceso a estas poblaciones ser\u00e1\nhasta que haya condiciones favorables para reactivar las actividades con la\nnueva normalidad. Exigimos al gobierno federal y al Gobierno del Estado para\nque se instalen filtros sanitarios en los accesos a nuestras comunidades para\nas\u00ed evitar cualquier riesgo, indicaron en el documento que firman las\nautoridades citadas.<\/p>\n","protected":false},"excerpt":{"rendered":"<p>Ismael Garc\u00eda\/Zona Roja. Oaxaca de Ju\u00e1rez, Oax., 17 de mayo de 2020.- Autoridades municipales y&hellip;<\/p>\n","protected":false},"author":2,"featured_media":12502,"comment_status":"closed","ping_status":"open","sticky":false,"template":"","format":"standard","meta":{"_lmt_disableupdate":"","_lmt_disable":"","_jetpack_memberships_contains_paid_content":false,"footnotes":""},"categories":[109,47],"tags":[1512,1607],"class_list":["post-12501","post","type-post","status-publish","format-standard","has-post-thumbnail","hentry","category-minuto-a-minuto","category-zona-gris","tag-coronavirus-oaxaca","tag-san-ildefonso-villa-alta"],"jetpack_featured_media_url":"https:\/\/zonaroja.com.mx\/wp-content\/uploads\/2020\/05\/Oficio-Villa-Alta.jpg","jetpack_sharing_enabled":true,"_links":{"self":[{"href":"https:\/\/zonaroja.com.mx\/index.php?rest_route=\/wp\/v2\/posts\/12501","targetHints":{"allow":["GET"]}}],"collection":[{"href":"https:\/\/zonaroja.com.mx\/index.php?rest_route=\/wp\/v2\/posts"}],"about":[{"href":"https:\/\/zonaroja.com.mx\/index.php?rest_route=\/wp\/v2\/types\/post"}],"author":[{"embeddable":true,"href":"https:\/\/zonaroja.com.mx\/index.php?rest_route=\/wp\/v2\/users\/2"}],"replies":[{"embeddable":true,"href":"https:\/\/zonaroja.com.mx\/index.php?rest_route=%2Fwp%2Fv2%2Fcomments&post=12501"}],"version-history":[{"count":1,"href":"https:\/\/zonaroja.com.mx\/index.php?rest_route=\/wp\/v2\/posts\/12501\/revisions"}],"predecessor-version":[{"id":12503,"href":"https:\/\/zonaroja.com.mx\/index.php?rest_route=\/wp\/v2\/posts\/12501\/revisions\/12503"}],"wp:featuredmedia":[{"embeddable":true,"href":"https:\/\/zonaroja.com.mx\/index.php?rest_route=\/wp\/v2\/media\/12502"}],"wp:attachment":[{"href":"https:\/\/zonaroja.com.mx\/index.php?rest_route=%2Fwp%2Fv2%2Fmedia&parent=12501"}],"wp:term":[{"taxonomy":"category","embeddable":true,"href":"https:\/\/zonaroja.com.mx\/index.php?rest_route=%2Fwp%2Fv2%2Fcategories&post=12501"},{"taxonomy":"post_tag","embeddable":true,"href":"https:\/\/zonaroja.com.mx\/index.php?rest_route=%2Fwp%2Fv2%2Ftags&post=12501"}],"curies":[{"name":"wp","href":"https:\/\/api.w.org\/{rel}","templated":true}]}}