{"id":12508,"date":"2020-05-17T17:43:39","date_gmt":"2020-05-17T22:43:39","guid":{"rendered":"http:\/\/www.zonaroja.com.mx\/?p=12508"},"modified":"2020-05-17T17:43:44","modified_gmt":"2020-05-17T22:43:44","slug":"cede-gobierno-a-presiones-de-seccion-22-y-prepara-pagos-pendientes","status":"publish","type":"post","link":"https:\/\/zonaroja.com.mx\/?p=12508","title":{"rendered":"Cede gobierno a presiones de Secci\u00f3n 22 y prepara pagos pendientes"},"content":{"rendered":"\n<p>Redacci\u00f3n\/Zona Roja.<\/p>\n\n\n\n<p>Oaxaca de Ju\u00e1rez, Oax. 17 de mayo de\n2020.- Tras las movilizaciones de la semana pasada por parte de un grupo de trabajadores\nde la Secci\u00f3n 22 del SNTE, los gobiernos federal y estatal acordaron ceder a\nlos requerimientos de pago.<\/p>\n\n\n\n<p>En un comunicado, la autoridad estatal\ninform\u00f3 que \u201cest\u00e1 por iniciar la primera etapa del proceso de soluci\u00f3n a las\nincidencias administrativas del magisterio oaxaque\u00f1o, generadas desde los a\u00f1os\n2014 y 2015\u201d.<\/p>\n\n\n\n<p>El director general del Instituto\nEstatal de Educaci\u00f3n P\u00fablica de Oaxaca (IEEPO), Francisco \u00c1ngel Villarreal,\nse\u00f1al\u00f3 que, en estrecha coordinaci\u00f3n con la Secretar\u00eda de Educaci\u00f3n P\u00fablica y\nbajo el liderazgo del secretario Esteban Moctezuma Barrag\u00e1n, se ha logrado dar\nrespuestas concretas para mejorar la educaci\u00f3n p\u00fablica en la entidad.<\/p>\n\n\n\n<p>Ejemplo de ello es que en esta primera\nmitad del a\u00f1o y con el objetivo de fortalecer la labor del magisterio, en una\nprimera etapa se asignar\u00e1n 543 claves presupuestales y se ejercer\u00e1n cien\nmillones de pesos en pagos \u00fanicos a docentes con expedientes debidamente\nvalidados por el IEEPO y la SEP.<\/p>\n\n\n\n<p>\u201cMediante este ejercicio de comunicaci\u00f3n\nrespetuosa entre Federaci\u00f3n, Gobierno del Estado y docentes, se han coordinado\nlos procedimientos que habr\u00e1n de llevarse a cabo para la atenci\u00f3n de las\nsolicitudes administrativas y laborales del personal que presta sus servicios\nen los planteles escolares y dentro del sector educativo de Oaxaca\u201d, explic\u00f3.<\/p>\n\n\n\n<p>Con estas acciones, \u201cel Gobierno de\nM\u00e9xico y el Gobierno de Oaxaca refrendan su compromiso con las y los docentes,\nencontrando en el di\u00e1logo el canal adecuado para la resoluci\u00f3n de las\nnecesidades de educaci\u00f3n b\u00e1sica en la entidad\u201d, expuso en el bolet\u00edn.<\/p>\n","protected":false},"excerpt":{"rendered":"<p>Redacci\u00f3n\/Zona Roja. Oaxaca de Ju\u00e1rez, Oax. 17 de mayo de 2020.- Tras las movilizaciones de&hellip;<\/p>\n","protected":false},"author":2,"featured_media":12509,"comment_status":"closed","ping_status":"open","sticky":false,"template":"","format":"standard","meta":{"_lmt_disableupdate":"","_lmt_disable":"","_jetpack_memberships_contains_paid_content":false,"footnotes":""},"categories":[109,46],"tags":[599],"class_list":["post-12508","post","type-post","status-publish","format-standard","has-post-thumbnail","hentry","category-minuto-a-minuto","category-zona-blanca","tag-instituto-estatal-de-educacion-publica-de-oaxaca"],"jetpack_featured_media_url":"https:\/\/zonaroja.com.mx\/wp-content\/uploads\/2020\/05\/2IEEPO.jpg","jetpack_sharing_enabled":true,"_links":{"self":[{"href":"https:\/\/zonaroja.com.mx\/index.php?rest_route=\/wp\/v2\/posts\/12508","targetHints":{"allow":["GET"]}}],"collection":[{"href":"https:\/\/zonaroja.com.mx\/index.php?rest_route=\/wp\/v2\/posts"}],"about":[{"href":"https:\/\/zonaroja.com.mx\/index.php?rest_route=\/wp\/v2\/types\/post"}],"author":[{"embeddable":true,"href":"https:\/\/zonaroja.com.mx\/index.php?rest_route=\/wp\/v2\/users\/2"}],"replies":[{"embeddable":true,"href":"https:\/\/zonaroja.com.mx\/index.php?rest_route=%2Fwp%2Fv2%2Fcomments&post=12508"}],"version-history":[{"count":1,"href":"https:\/\/zonaroja.com.mx\/index.php?rest_route=\/wp\/v2\/posts\/12508\/revisions"}],"predecessor-version":[{"id":12510,"href":"https:\/\/zonaroja.com.mx\/index.php?rest_route=\/wp\/v2\/posts\/12508\/revisions\/12510"}],"wp:featuredmedia":[{"embeddable":true,"href":"https:\/\/zonaroja.com.mx\/index.php?rest_route=\/wp\/v2\/media\/12509"}],"wp:attachment":[{"href":"https:\/\/zonaroja.com.mx\/index.php?rest_route=%2Fwp%2Fv2%2Fmedia&parent=12508"}],"wp:term":[{"taxonomy":"category","embeddable":true,"href":"https:\/\/zonaroja.com.mx\/index.php?rest_route=%2Fwp%2Fv2%2Fcategories&post=12508"},{"taxonomy":"post_tag","embeddable":true,"href":"https:\/\/zonaroja.com.mx\/index.php?rest_route=%2Fwp%2Fv2%2Ftags&post=12508"}],"curies":[{"name":"wp","href":"https:\/\/api.w.org\/{rel}","templated":true}]}}