{"id":12514,"date":"2020-05-17T18:30:15","date_gmt":"2020-05-17T23:30:15","guid":{"rendered":"http:\/\/www.zonaroja.com.mx\/?p=12514"},"modified":"2020-05-17T18:30:18","modified_gmt":"2020-05-17T23:30:18","slug":"santo-domingo-ingenio-tambien-rechaza-regresar-a-la-nueva-normalidad","status":"publish","type":"post","link":"https:\/\/zonaroja.com.mx\/?p=12514","title":{"rendered":"Santo Domingo Ingenio tambi\u00e9n rechaza regresar a la \u201cnueva normalidad\u201d"},"content":{"rendered":"\n<p>Ismael Garc\u00eda\/Zona Roja. Foto: Prizma\nNoticias<\/p>\n\n\n\n<p>Oaxaca de Ju\u00e1rez, Oax., 17 de mayo de\n2020.- Pese a no tener ning\u00fan contagio y ser considerado \u201cmunicipio esperanza\u201d,\nel ayuntamiento de Santo Domingo Ingenio, de la regi\u00f3n del Istmo de Oaxaca,\nrechaz\u00f3 reanudar actividades ma\u00f1ana con la \u201cnueva normalidad\u201d.<\/p>\n\n\n\n<p>\u201cNo volver\u00e1 a la \u2018nueva normalidad\u2019 el\npr\u00f3ximo 18 de mayo, debido a que la Jurisdicci\u00f3n Sanitaria 2 del Istmo de\nTehuantepec, se\u00f1al\u00f3 que como regi\u00f3n, nos encontramos en la Fase 2, es decir no\nhay condiciones para dejar la cuarentena\u201d, cit\u00f3 en un comunicado.<\/p>\n\n\n\n<p>Por esa raz\u00f3n, reiter\u00f3 su exhorto a toda\nla poblaci\u00f3n a redoblar esfuerzos en materia de prevenci\u00f3n, adem\u00e1s de\nimplementar el programa de&nbsp; la \u201cSana\nDistancia\u201d, el uso de cubrebocas en espacios p\u00fablicos es obligatorio, as\u00ed como\nel uso de&nbsp;&nbsp; gel antibacterial.<\/p>\n\n\n\n<p>\u201cAunado a estas medidas, reforzaremos\nlas jornadas de sanitizaci\u00f3n para prevenir la presencia del Covid-19\u201d, dijo en\nel bolet\u00edn firmado por la presidenta municipal Amelia G\u00f3mez R\u00edos.<\/p>\n\n\n\n<p>\u201cInvitamos a todas las personas que\nlleguen de otro estado del pa\u00eds o regi\u00f3n de nuestro estado, a guardar una\ncuarentena de 14 d\u00edas, para evitar contagiar a sus familiares. El Covid-19 no\nes un juego y puede poner en riesgo la vida de cada uno de los habitantes de\nSanto Domingo Ingenio\u201d, puntualiz\u00f3.<\/p>\n","protected":false},"excerpt":{"rendered":"<p>Ismael Garc\u00eda\/Zona Roja. Foto: Prizma Noticias Oaxaca de Ju\u00e1rez, Oax., 17 de mayo de 2020.-&hellip;<\/p>\n","protected":false},"author":2,"featured_media":12515,"comment_status":"closed","ping_status":"open","sticky":false,"template":"","format":"standard","meta":{"_lmt_disableupdate":"","_lmt_disable":"","_jetpack_memberships_contains_paid_content":false,"footnotes":""},"categories":[109,47],"tags":[101],"class_list":["post-12514","post","type-post","status-publish","format-standard","has-post-thumbnail","hentry","category-minuto-a-minuto","category-zona-gris","tag-santo-domingo-ingenio"],"jetpack_featured_media_url":"https:\/\/zonaroja.com.mx\/wp-content\/uploads\/2020\/05\/Santo-Domingo-Ingenio.jpg","jetpack_sharing_enabled":true,"_links":{"self":[{"href":"https:\/\/zonaroja.com.mx\/index.php?rest_route=\/wp\/v2\/posts\/12514","targetHints":{"allow":["GET"]}}],"collection":[{"href":"https:\/\/zonaroja.com.mx\/index.php?rest_route=\/wp\/v2\/posts"}],"about":[{"href":"https:\/\/zonaroja.com.mx\/index.php?rest_route=\/wp\/v2\/types\/post"}],"author":[{"embeddable":true,"href":"https:\/\/zonaroja.com.mx\/index.php?rest_route=\/wp\/v2\/users\/2"}],"replies":[{"embeddable":true,"href":"https:\/\/zonaroja.com.mx\/index.php?rest_route=%2Fwp%2Fv2%2Fcomments&post=12514"}],"version-history":[{"count":1,"href":"https:\/\/zonaroja.com.mx\/index.php?rest_route=\/wp\/v2\/posts\/12514\/revisions"}],"predecessor-version":[{"id":12516,"href":"https:\/\/zonaroja.com.mx\/index.php?rest_route=\/wp\/v2\/posts\/12514\/revisions\/12516"}],"wp:featuredmedia":[{"embeddable":true,"href":"https:\/\/zonaroja.com.mx\/index.php?rest_route=\/wp\/v2\/media\/12515"}],"wp:attachment":[{"href":"https:\/\/zonaroja.com.mx\/index.php?rest_route=%2Fwp%2Fv2%2Fmedia&parent=12514"}],"wp:term":[{"taxonomy":"category","embeddable":true,"href":"https:\/\/zonaroja.com.mx\/index.php?rest_route=%2Fwp%2Fv2%2Fcategories&post=12514"},{"taxonomy":"post_tag","embeddable":true,"href":"https:\/\/zonaroja.com.mx\/index.php?rest_route=%2Fwp%2Fv2%2Ftags&post=12514"}],"curies":[{"name":"wp","href":"https:\/\/api.w.org\/{rel}","templated":true}]}}