{"id":12524,"date":"2020-05-18T07:32:23","date_gmt":"2020-05-18T12:32:23","guid":{"rendered":"http:\/\/www.zonaroja.com.mx\/?p=12524"},"modified":"2020-05-18T07:35:45","modified_gmt":"2020-05-18T12:35:45","slug":"presionado-por-s-22-gobernador-dice-que-no-habra-regreso-a-clases","status":"publish","type":"post","link":"https:\/\/zonaroja.com.mx\/?p=12524","title":{"rendered":"Presionado por S-22, gobierno dice que no habr\u00e1 regreso a clases"},"content":{"rendered":"\n<p>Redacci\u00f3n\/Zona\nRoja.<\/p>\n\n\n\n<p>Oaxaca de\nJu\u00e1rez, Oax., 18 de mayo de 2020.- Ante la negativa de la Secci\u00f3n 22 del SNTE y\nel rechazo de las comunidades al inicio de la \u201cnueva normalidad\u201d este lunes, el\ngobernador Alejandro Murat recul\u00f3 y determin\u00f3 que no reinician clases en \u201cmunicipios\nesperanza\u201d de Oaxaca.<\/p>\n\n\n\n<p>Cerca de\nla media noche de ayer, a trav\u00e9s de un video y en un comunicado, inform\u00f3 que, \u201crespetando\nlos usos y costumbres de las comunidades ind\u00edgenas de Oaxaca, tal como lo\nestablece la Constituci\u00f3n, se lleg\u00f3 al acuerdo de que los 213 municipios libres\nde contagio de que est\u00e1n en verde, seguir\u00e1n apeg\u00e1ndose a las medidas de\nprevenci\u00f3n del sem\u00e1foro amarillo. <\/p>\n\n\n\n<p>\u201cPor lo que no habr\u00e1 regreso a las aulas este lunes 18 de mayo y se seguir\u00e1 implementando el programa de la Secretar\u00eda de Educaci\u00f3n P\u00fablica \u2018Aprende en Casa\u2019\u201d.\u00a0 <\/p>\n\n\n\n<figure class=\"wp-block-embed-twitter wp-block-embed is-type-rich is-provider-twitter\"><div class=\"wp-block-embed__wrapper\">\n<div class=\"twitter-tweet\"><blockquote class=\"twitter-tweet\" data-lang=\"es\"><p lang=\"es\" dir=\"ltr\">En coordinaci\u00f3n con las autoridades municipales y educativas, en Oaxaca nos apegaremos al <a href=\"https:\/\/twitter.com\/hashtag\/Sem%C3%A1foroAmarillo?src=hash&amp;ref_src=twsrc%5Etfw\">#Sem\u00e1foroAmarillo<\/a> en todo el estado, es decir, no habr\u00e1 regreso a clases. Continuar\u00e1n las medidas sanitarias y de distanciamiento social que aplicamos hasta el momento en espacios p\u00fablicos. <a href=\"https:\/\/t.co\/AC6VSnHyW7\">pic.twitter.com\/AC6VSnHyW7<\/a><\/p>&mdash; Alejandro Murat (@alejandromurat) <a href=\"https:\/\/twitter.com\/alejandromurat\/status\/1262222898485293056?ref_src=twsrc%5Etfw\">18 de mayo de 2020<\/a><\/blockquote><\/div>\n<\/div><\/figure>\n\n\n\n<p>Se\u00f1al\u00f3\nque estos municipios libres de contagio del Covid-19 tampoco reactivar\u00e1n las\nactividades no esenciales, ni abrir\u00e1n los espacios p\u00fablicos el d\u00eda de hoy, \u201csino\nque se apegar\u00e1n a las medidas implementadas en todo el estado y ser\u00e1 hasta el 1\nde junio que se determine qu\u00e9 actividades podr\u00e1n comenzar a reactivarse\npaulatinamente\u201d.<\/p>\n\n\n\n<p>Recalc\u00f3\nque todos los dem\u00e1s municipios del estado de Oaxaca deben de seguir\nimplementando las medidas de distanciamiento y aislamiento social. <\/p>\n\n\n\n<p>Asimismo,\nse\u00f1al\u00f3 que desde hoy y hasta el 1 de junio se tendr\u00e1n que ir dise\u00f1ando los\nprotocolos para la reapertura de las actividades no esenciales y espacios\np\u00fablicos; as\u00ed como las medidas especiales que deber\u00e1n tomarse para continuar\ncon la protecci\u00f3n de los grupos m\u00e1s vulnerables.&nbsp; <\/p>\n\n\n\n<p>A partir\ndel 1 de junio se comenzar\u00e1 a implementar un plan de reactivaci\u00f3n econ\u00f3mica con\nuna inversi\u00f3n superior a los tres mil 500 millones de pesos en el sector de la\nconstrucci\u00f3n, para inyectar flujo a la econom\u00eda y ayudar a mantener el empleo.<\/p>\n","protected":false},"excerpt":{"rendered":"<p>Redacci\u00f3n\/Zona Roja. Oaxaca de Ju\u00e1rez, Oax., 18 de mayo de 2020.- Ante la negativa de&hellip;<\/p>\n","protected":false},"author":2,"featured_media":12525,"comment_status":"closed","ping_status":"open","sticky":false,"template":"","format":"standard","meta":{"_lmt_disableupdate":"","_lmt_disable":"","_jetpack_memberships_contains_paid_content":false,"footnotes":""},"categories":[109,47],"tags":[1512],"class_list":["post-12524","post","type-post","status-publish","format-standard","has-post-thumbnail","hentry","category-minuto-a-minuto","category-zona-gris","tag-coronavirus-oaxaca"],"jetpack_featured_media_url":"https:\/\/zonaroja.com.mx\/wp-content\/uploads\/2020\/05\/Cerco-sanitario-coronavirus.jpg","jetpack_sharing_enabled":true,"_links":{"self":[{"href":"https:\/\/zonaroja.com.mx\/index.php?rest_route=\/wp\/v2\/posts\/12524","targetHints":{"allow":["GET"]}}],"collection":[{"href":"https:\/\/zonaroja.com.mx\/index.php?rest_route=\/wp\/v2\/posts"}],"about":[{"href":"https:\/\/zonaroja.com.mx\/index.php?rest_route=\/wp\/v2\/types\/post"}],"author":[{"embeddable":true,"href":"https:\/\/zonaroja.com.mx\/index.php?rest_route=\/wp\/v2\/users\/2"}],"replies":[{"embeddable":true,"href":"https:\/\/zonaroja.com.mx\/index.php?rest_route=%2Fwp%2Fv2%2Fcomments&post=12524"}],"version-history":[{"count":3,"href":"https:\/\/zonaroja.com.mx\/index.php?rest_route=\/wp\/v2\/posts\/12524\/revisions"}],"predecessor-version":[{"id":12528,"href":"https:\/\/zonaroja.com.mx\/index.php?rest_route=\/wp\/v2\/posts\/12524\/revisions\/12528"}],"wp:featuredmedia":[{"embeddable":true,"href":"https:\/\/zonaroja.com.mx\/index.php?rest_route=\/wp\/v2\/media\/12525"}],"wp:attachment":[{"href":"https:\/\/zonaroja.com.mx\/index.php?rest_route=%2Fwp%2Fv2%2Fmedia&parent=12524"}],"wp:term":[{"taxonomy":"category","embeddable":true,"href":"https:\/\/zonaroja.com.mx\/index.php?rest_route=%2Fwp%2Fv2%2Fcategories&post=12524"},{"taxonomy":"post_tag","embeddable":true,"href":"https:\/\/zonaroja.com.mx\/index.php?rest_route=%2Fwp%2Fv2%2Ftags&post=12524"}],"curies":[{"name":"wp","href":"https:\/\/api.w.org\/{rel}","templated":true}]}}