{"id":12529,"date":"2020-05-18T07:50:18","date_gmt":"2020-05-18T12:50:18","guid":{"rendered":"http:\/\/www.zonaroja.com.mx\/?p=12529"},"modified":"2020-05-18T07:50:21","modified_gmt":"2020-05-18T12:50:21","slug":"fortalecera-poder-judicial-administracion-de-justicia-y-derechos-humanos","status":"publish","type":"post","link":"https:\/\/zonaroja.com.mx\/?p=12529","title":{"rendered":"Fortalecer\u00e1 Poder Judicial administraci\u00f3n de justicia y derechos humanos"},"content":{"rendered":"\n<p>Redacci\u00f3n\/Zona\nRoja.<\/p>\n\n\n\n<p>Oaxaca de\nJu\u00e1rez, Oax., 18 de mayo de 2020.- El Poder Judicial de Oaxaca fortalecer\u00e1 la\nadministraci\u00f3n de justicia con enfoque de g\u00e9nero y de respeto a los derechos\nhumanos.<\/p>\n\n\n\n<p>Para ello,\nel presidente del Tribunal Superior de Justicia y del Consejo de la Judicatura,\nEduardo Pinacho S\u00e1nchez, firm\u00f3 un convenio de colaboraci\u00f3n con la asociaci\u00f3n\ncivil \u201cAsiLegal\u201d<\/p>\n\n\n\n<p>Dicho\nacuerdo establece las bases de colaboraci\u00f3n, a fin de que se desarrollen\nactividades en materia de capacitaci\u00f3n, investigaci\u00f3n, difusi\u00f3n y dise\u00f1o de\nestrategias para la defensa y promoci\u00f3n de los derechos humanos en el \u00e1mbito de\nsus respectivas competencias.<\/p>\n\n\n\n<p>El\ndocumento fue signado de manera simb\u00f3lica por el titular del Poder Judicial y\nel director general la asociaci\u00f3n Asistencia Legal por los Derechos Humanos (\u201cAsiLegal\u201d),\nJos\u00e9 Luis Guti\u00e9rrez Rom\u00e1n, con la participaci\u00f3n de V\u00edctor Leonel Juan Mart\u00ednez,\ndirector de Derechos Humanos del Consejo dela Judicatura del Poder Judicial del\nEstado de Oaxaca.<\/p>\n\n\n\n<p>De\nacuerdo con el magistrado Pinacho S\u00e1nchez, a trav\u00e9s de la capacitaci\u00f3n, an\u00e1lisis\ne investigaci\u00f3n que contribuya al acceso a la justicia para las personas que se\nencuentran en situaci\u00f3n de vulnerabilidad y conflicto con la ley, dicha\norganizaci\u00f3n contribuir\u00e1 con el Poder Judicial para impulsar la exacta\naplicaci\u00f3n de la Ley Nacional de Ejecuci\u00f3n Penal, indispensable para la\ndespresurizaci\u00f3n de los sistemas penitenciarios.<\/p>\n\n\n\n<p>El\nconvenio marco, permitir\u00e1 desarrollar estrategias para acercar a las personas a\nlos servicios de administraci\u00f3n de justicia con enfoque de g\u00e9nero, enfoque interseccional\ny hacer \u00e9nfasis en la implementaci\u00f3n de est\u00e1ndares internacionales de\nprotecci\u00f3n a los derechos humanos para personas que se encuentran en conflicto\ncon la ley.<\/p>\n\n\n\n<p>Manifest\u00f3\nque es de gran importancia generar nuevos mecanismos para continuar con las\nactividades institucionales en este periodo de emergencia sanitaria y para ello\nhan resultado de utilidad las herramientas digitales. Anunci\u00f3 tambi\u00e9n que\npr\u00f3ximamente iniciar\u00e1 un curso virtual de ejecuci\u00f3n penal.<\/p>\n\n\n\n<p>Por su\nparte, el director de \u201cAsiLegal\u201d consider\u00f3 la firma del convenio como una\noportunidad de aportar y generar acciones conjuntas que contribuyan a la\neficiente administraci\u00f3n de justicia en la entidad, con \u00e9nfasis en la ejecuci\u00f3n\npenal y la implementaci\u00f3n de est\u00e1ndares internacionales de protecci\u00f3n de los\nderechos humanos de las personas en conflicto con la ley penal.<\/p>\n","protected":false},"excerpt":{"rendered":"<p>Redacci\u00f3n\/Zona Roja. Oaxaca de Ju\u00e1rez, Oax., 18 de mayo de 2020.- El Poder Judicial de&hellip;<\/p>\n","protected":false},"author":2,"featured_media":12530,"comment_status":"closed","ping_status":"open","sticky":false,"template":"","format":"standard","meta":{"_lmt_disableupdate":"","_lmt_disable":"","_jetpack_memberships_contains_paid_content":false,"footnotes":""},"categories":[109,46],"tags":[1369],"class_list":["post-12529","post","type-post","status-publish","format-standard","has-post-thumbnail","hentry","category-minuto-a-minuto","category-zona-blanca","tag-tribunal-superior-de-justicia-de-oaxacatsejo"],"jetpack_featured_media_url":"https:\/\/zonaroja.com.mx\/wp-content\/uploads\/2020\/05\/convenio2.jpg","jetpack_sharing_enabled":true,"_links":{"self":[{"href":"https:\/\/zonaroja.com.mx\/index.php?rest_route=\/wp\/v2\/posts\/12529","targetHints":{"allow":["GET"]}}],"collection":[{"href":"https:\/\/zonaroja.com.mx\/index.php?rest_route=\/wp\/v2\/posts"}],"about":[{"href":"https:\/\/zonaroja.com.mx\/index.php?rest_route=\/wp\/v2\/types\/post"}],"author":[{"embeddable":true,"href":"https:\/\/zonaroja.com.mx\/index.php?rest_route=\/wp\/v2\/users\/2"}],"replies":[{"embeddable":true,"href":"https:\/\/zonaroja.com.mx\/index.php?rest_route=%2Fwp%2Fv2%2Fcomments&post=12529"}],"version-history":[{"count":1,"href":"https:\/\/zonaroja.com.mx\/index.php?rest_route=\/wp\/v2\/posts\/12529\/revisions"}],"predecessor-version":[{"id":12531,"href":"https:\/\/zonaroja.com.mx\/index.php?rest_route=\/wp\/v2\/posts\/12529\/revisions\/12531"}],"wp:featuredmedia":[{"embeddable":true,"href":"https:\/\/zonaroja.com.mx\/index.php?rest_route=\/wp\/v2\/media\/12530"}],"wp:attachment":[{"href":"https:\/\/zonaroja.com.mx\/index.php?rest_route=%2Fwp%2Fv2%2Fmedia&parent=12529"}],"wp:term":[{"taxonomy":"category","embeddable":true,"href":"https:\/\/zonaroja.com.mx\/index.php?rest_route=%2Fwp%2Fv2%2Fcategories&post=12529"},{"taxonomy":"post_tag","embeddable":true,"href":"https:\/\/zonaroja.com.mx\/index.php?rest_route=%2Fwp%2Fv2%2Ftags&post=12529"}],"curies":[{"name":"wp","href":"https:\/\/api.w.org\/{rel}","templated":true}]}}