{"id":12532,"date":"2020-05-18T10:03:34","date_gmt":"2020-05-18T15:03:34","guid":{"rendered":"http:\/\/www.zonaroja.com.mx\/?p=12532"},"modified":"2020-05-18T10:03:36","modified_gmt":"2020-05-18T15:03:36","slug":"el-fracaso-de-la-nueva-normalidad-y-el-colapso-del-sistema-de-salud","status":"publish","type":"post","link":"https:\/\/zonaroja.com.mx\/?p=12532","title":{"rendered":"El fracaso de la \u201cnueva normalidad\u201d y el colapso del sistema de salud"},"content":{"rendered":"\n<p>Ismael\nGarc\u00eda M.\/Zona Roja.<\/p>\n\n\n\n<p>Oaxaca de\nJu\u00e1rez, Oax., 18 de mayo de 2020.- El af\u00e1n del Presidente Andr\u00e9s Manuel L\u00f3pez\nObrador de aparentar una normalidad sanitaria en M\u00e9xico y un triunfo inexistente\ncontra el coronavirus, as\u00ed como el inter\u00e9s del gobernador Alejandro Murat de\ncomplacer al Gobierno de la Rep\u00fablica, est\u00e1n a punto de desencadenar una mayor\ntragedia.<\/p>\n\n\n\n<p>El pasado\nmi\u00e9rcoles 13 de mayo, a\u00fan con datos imprecisos, el Consejo Nacional de\nSalubridad anunci\u00f3 que este lunes 18 de mayo reiniciar\u00edan actividades sociales,\necon\u00f3micas, culturales y educativas en 269 municipios del pa\u00eds, de los cuales\n203 est\u00e1n en Oaxaca.<\/p>\n\n\n\n<p>Este fin\nde semana, de manera contradictoria e il\u00f3gica, los n\u00fameros crecieron, sin\nexplicaci\u00f3n alguna, a 324 y 213, respectivamente, mientras que los casos\npositivos y fallecimientos por Covid-19 van al alza de manera alarmante\u2026 y el\nsistema de salud colapsa ante tantos pacientes.<\/p>\n\n\n\n<p>El\nanuncio provoc\u00f3 el relajamiento de las medidas sanitarias en muchas partes del\npa\u00eds, incluyendo la capital oaxaque\u00f1a, pero tambi\u00e9n una rebeli\u00f3n, literalmente,\nde las comunidades ind\u00edgenas consideradas \u201cmunicipios esperanza\u201d, por no tener\ncontagiados ni vecindad con pueblos que tengan enfermos del virus.<\/p>\n\n\n\n<p>En el\ncaso de M\u00e9xico, la primera cr\u00edtica contra el gobierno de L\u00f3pez Obrador vino por\nsu af\u00e1n de utilizar el t\u00e9rmino \u201cesperanza\u201d, d\u00e1ndole una connotaci\u00f3n pol\u00edtica a\nun tema eminentemente social y de salud, pues es el mismo que ha utilizado en\ncampa\u00f1as proselitistas.<\/p>\n\n\n\n<p>En\nsegundo t\u00e9rmino, se\u00f1alaron, incluso a nivel internacional, el probable\nocultamiento de casos positivos y fallecimientos, ante el deficiente sistema de\nconteo y el uso pol\u00edtico de las cifras, para decir que M\u00e9xico est\u00e1 enfrentando\nde manera exitosa la pandemia. Asimismo, el inter\u00e9s presidencial por complacer\na Donald Trump en materia comercial.<\/p>\n\n\n\n<p>Pero la\nsituaci\u00f3n sanitaria sigue siendo grave en el pa\u00eds. A la noche del domingo, ya\nse contabilizaban cinco mil 177 decesos, as\u00ed como 49 mil 219 confirmados\nacumulados, de los cuales 11 mil 105 eran activos; en de la semana que concluy\u00f3\nse registraron casi 300 muertos en un solo d\u00eda.<\/p>\n\n\n\n<p>En el\ncaso de Oaxaca, hasta la noche de este 17 de mayo, se acumulaban 70 defunciones\ny 445 positivos; el pico m\u00e1s alto hasta ahora, fue el pasado s\u00e1bado, con 47\nnuevos casos en un solo d\u00eda.<\/p>\n\n\n\n<p>La\nperiodista Nadia Altamirano &#8211;tambi\u00e9n conductora de un programa especializado\nen el tema, \u201cOaxaca ante el Covid\u201d, en la Cortv&#8211;, hizo un somero an\u00e1lisis:<\/p>\n\n\n\n<p>\u201cEn siete\nd\u00edas, del lunes 11 de mayo a este domingo, se han confirmado 195 casos nuevos\nde Covid-19, lo que representa el 43.8 por ciento de los 445 casos acumulados.<\/p>\n\n\n\n<p>\u201cEsta\nsemana se notificaron 23 defunciones, que representan el 32.8 por ciento de las\n70 defunciones acumuladas. La alta incidencia epidemiol\u00f3gica es evidente\u201d.<\/p>\n\n\n\n<p>Huelga\ndecir adem\u00e1s, que Oaxaca es uno de los estados del pa\u00eds con m\u00e1s alta tasa de\nmortalidad por Covid, por cada 100 mil habitantes.<\/p>\n\n\n\n<p>Y si a\neso se le agrega una semana fatal en materia hospitalaria, quiere decir que lo\npeor de la crisis est\u00e1 por venir.<\/p>\n\n\n\n<p>La\ninoperancia en los Servicios de Salud de Oaxaca a cargo a\u00fan de Donato Casas\nEscamilla, han derivado en una grave crisis en el sistema de salud. En la\nsemana que concluye, colapsaron los hospitales del IMSS en la capital y el\nHospital Regional de Alta Especialidad en San Bartolo Coyotepec, por el gran\nn\u00famero de pacientes.<\/p>\n\n\n\n<p>En tanto\nel nosocomio del ISSSTE &#8211;al igual que los dem\u00e1s&#8211; arrastra serias deficiencias\ntanto en equipamiento como en insumos de protecci\u00f3n al personal m\u00e9dico, lo que ha\noriginado diversas protestas. A un mes del anuncio, el Hospital de\nEspecialidades de Juchit\u00e1n, a\u00fan no pone en operaci\u00f3n para atender a\ncontagiados; es m\u00e1s, ni siquiera se ha concluido.<\/p>\n\n\n\n<p>Por si\nfuera poco, el oaxaque\u00f1o Luis Antonio Ram\u00edrez Pineda, hijo del ex gobernador\nHeladio Ram\u00edrez L\u00f3pez, no ha tenido el m\u00ednimo inter\u00e9s de apoyar a su tierra y\ndesde hace a\u00f1o y medio est\u00e1 pr\u00e1cticamente ausente de su tierra.<\/p>\n\n\n\n<p>Ante ese\npanorama, el gobernador Alejandro Murat determin\u00f3 habilitar el Hospital Civil \u201cDr.\nAurelio Valdivieso\u201d para atender a pacientes Covid-19, lo que origin\u00f3 de\ninmediato el rechazo de trabajadores, nuevamente ante la falta de materiales y\nequipos.<\/p>\n\n\n\n<p>Las\nquejas y rechazos se han extendido a hospitales del Istmo, como el \u201cDr.\nMacedonio Ben\u00edtez Fuentes\u201d, de Juchit\u00e1n, que se opone a atender infectados; el\nde Ciudad Ixtepec, que rechaz\u00f3 a un paciente el s\u00e1bado, y ahora Salina Cruz,\nque tambi\u00e9n se manifiesta.<\/p>\n\n\n\n<p>El\npresidente de la Junta de Coordinaci\u00f3n Pol\u00edtica del Congreso local, Horacio\nSosa Villavicencio, se sum\u00f3 tambi\u00e9n a la recomendaci\u00f3n de no reiniciar clases y\notras actividades este lunes, ante el grave riesgo para la salud.<\/p>\n\n\n\n<p>La\nSecci\u00f3n 22, a pesar de las millonarias prebendas, emiti\u00f3 un comunicado para\ndecir que no acatar\u00e1 la medida de \u201cnueva normalidad\u201d y mucho menos expondr\u00e1 a\nmaestros y alumnos.<\/p>\n\n\n\n<p>Han sido adem\u00e1s\npor lo menos 100 ayuntamientos, de pr\u00e1cticamente todas las regiones del estado,\nque han expresado su rechazo a reanudar actividades este lunes 18.<\/p>\n\n\n\n<p>\u201cS\u00ed ir\npensando en abrir, porque tenemos que reiniciar en cabalidad la vida\nproductiva, la vida econ\u00f3mica, social, cultural&nbsp;\nen nuestro pa\u00eds, el regreso a la \u2018nueva normalidad\u2019\u201d, insisti\u00f3 este\ndomingo el Presidente L\u00f3pez Obrador desde los pasillos del Palacio Nacional.<\/p>\n\n\n\n<p>Pero no\nhay condiciones. La pandemia en M\u00e9xico, como en Oaxaca, es intensa y esta\ntercera semana de mayo, al igual que la cuarta, los casos de contagiados\nseguir\u00e1n en aumento.<\/p>\n\n\n\n<p>Casi a la\nmedia noche del domingo, el gobernador Alejandro Murat Hinojosa recul\u00f3,\npresionado por la Secci\u00f3n 22, el Congreso local y los municipios, y a trav\u00e9s de\nun video anunci\u00f3 que no se reanudar\u00e1n, como tampoco las actividades esenciales.<\/p>\n\n\n\n<p>Sin\nembargo, desde el mi\u00e9rcoles del anuncio, el da\u00f1o ya estaba hecho: se comenz\u00f3 a\nrelajar la disciplina sanitaria hasta en la capital del estado; los municipios\ntambi\u00e9n hab\u00edan comenzado a abrir sus puertas y se recobraba la vida p\u00fablica.<\/p>\n\n\n\n<p>Los\nresultados fatales se ver\u00e1n en dos semanas\u2026 justo cuando otra vez, el gobierno\nfederal y el estatal insistir\u00e1n en que ya es tiempo de regresar a la \u201cnueva\nnormalidad\u201d.<\/p>\n","protected":false},"excerpt":{"rendered":"<p>Ismael Garc\u00eda M.\/Zona Roja. Oaxaca de Ju\u00e1rez, Oax., 18 de mayo de 2020.- El af\u00e1n&hellip;<\/p>\n","protected":false},"author":2,"featured_media":7610,"comment_status":"closed","ping_status":"open","sticky":false,"template":"","format":"standard","meta":{"_lmt_disableupdate":"","_lmt_disable":"","_jetpack_memberships_contains_paid_content":false,"footnotes":""},"categories":[109,48],"tags":[1353],"class_list":["post-12532","post","type-post","status-publish","format-standard","has-post-thumbnail","hentry","category-minuto-a-minuto","category-zona-critica","tag-opinion-zona-critica"],"jetpack_featured_media_url":"https:\/\/zonaroja.com.mx\/wp-content\/uploads\/2020\/01\/Opini\u00f3n-Zona-Cr\u00edtica.jpg","jetpack_sharing_enabled":true,"_links":{"self":[{"href":"https:\/\/zonaroja.com.mx\/index.php?rest_route=\/wp\/v2\/posts\/12532","targetHints":{"allow":["GET"]}}],"collection":[{"href":"https:\/\/zonaroja.com.mx\/index.php?rest_route=\/wp\/v2\/posts"}],"about":[{"href":"https:\/\/zonaroja.com.mx\/index.php?rest_route=\/wp\/v2\/types\/post"}],"author":[{"embeddable":true,"href":"https:\/\/zonaroja.com.mx\/index.php?rest_route=\/wp\/v2\/users\/2"}],"replies":[{"embeddable":true,"href":"https:\/\/zonaroja.com.mx\/index.php?rest_route=%2Fwp%2Fv2%2Fcomments&post=12532"}],"version-history":[{"count":1,"href":"https:\/\/zonaroja.com.mx\/index.php?rest_route=\/wp\/v2\/posts\/12532\/revisions"}],"predecessor-version":[{"id":12533,"href":"https:\/\/zonaroja.com.mx\/index.php?rest_route=\/wp\/v2\/posts\/12532\/revisions\/12533"}],"wp:featuredmedia":[{"embeddable":true,"href":"https:\/\/zonaroja.com.mx\/index.php?rest_route=\/wp\/v2\/media\/7610"}],"wp:attachment":[{"href":"https:\/\/zonaroja.com.mx\/index.php?rest_route=%2Fwp%2Fv2%2Fmedia&parent=12532"}],"wp:term":[{"taxonomy":"category","embeddable":true,"href":"https:\/\/zonaroja.com.mx\/index.php?rest_route=%2Fwp%2Fv2%2Fcategories&post=12532"},{"taxonomy":"post_tag","embeddable":true,"href":"https:\/\/zonaroja.com.mx\/index.php?rest_route=%2Fwp%2Fv2%2Ftags&post=12532"}],"curies":[{"name":"wp","href":"https:\/\/api.w.org\/{rel}","templated":true}]}}