{"id":12534,"date":"2020-05-18T11:02:48","date_gmt":"2020-05-18T16:02:48","guid":{"rendered":"http:\/\/www.zonaroja.com.mx\/?p=12534"},"modified":"2020-05-18T11:31:54","modified_gmt":"2020-05-18T16:31:54","slug":"pese-a-pandemia-regreso-a-clases-el-mayor-deseo-de-los-ninos","status":"publish","type":"post","link":"https:\/\/zonaroja.com.mx\/?p=12534","title":{"rendered":"Pese a pandemia, regreso a clases, el mayor deseo de los ni\u00f1os"},"content":{"rendered":"\n<p>Redacci\u00f3n\/Zona\nRoja.<\/p>\n\n\n\n<p>Oaxaca de Ju\u00e1rez, Oax., 18 de mayo de 2020.- La hora de hacer tarea, que antes de la cuarenta no representaba ning\u00fan problema para Sof\u00eda, es un martirio que comparte con sus padres, quienes son maestros y empleados desde casa al mismo tiempo.  Es la escuela en casa en tiempos de Covid-19.<\/p>\n\n\n\n<p>El timbre de inicio de la jornada escolar es suplido de forma constante por el llamado a gritos de do\u00f1a Carmen para que Sof\u00eda se apresure hasta la mesa del comedor con sus \u00fatiles.<\/p>\n\n\n\n<p>La peque\u00f1a, de nueve a\u00f1os de edad, cursa el tercer a\u00f1o de primaria en una escuela privada donde tiene una beca de apoyo. Sus calificaciones la colocan en el cuadro de honor. La \u00faltima vez fue dos semanas antes de que iniciara la cuarentena.<\/p>\n\n\n\n<p>\u201cA veces\ncreo que la estresamos, que nuestro tiempo compartido con el trabajo no nos\npermite estar relajados para atenderla como debe ser\u201d, expresa do\u00f1a Carmen al\nreconocer que los m\u00e1s de 50 d\u00edas sin clases y tareas que se acumulan por\nsemanas los han llevado al l\u00edmite con la paciencia.<\/p>\n\n\n\n<p>La madre\nde familia hace trabajo de oficina desde casa; a veces desde la oficina de su\nesposo que temporalmente est\u00e1 cerrada por la contingencia, pero donde tambi\u00e9n\ndebe acudir la peque\u00f1a.<\/p>\n\n\n\n<p>En la escuela de Sofi no se implementaron las clases en l\u00ednea, pero s\u00ed un esquema de actividades para cada d\u00eda, desde que salieron el pasado 20 de marzo, enviado por correo electr\u00f3nico o Whatsapp. Todas con tiempo de entrega.<\/p>\n\n\n\n<p>Las\nactividades al inicio del receso escolar estuvieron relacionadas con temas\nvistos, pero en mayo, son temas nuevos, ya todas enviadas desde finales de\nabril.<\/p>\n\n\n\n<p>\u201cCon s\u00f3lo\nver la lista nos estresamos todos\u201d, agrega el padre, quien tambi\u00e9n participa en\nlas clases desde casa. Por el c\u00famulo de actividades materia a veces destinan\nhasta seis horas al d\u00eda, de forma escalonada.<\/p>\n\n\n\n<p>Para\ncomprender los nuevos temas Sofi y su padre ingresan a las ligas de YouTube que\nla profesora recomend\u00f3 para cada actividad.&nbsp;\n\u201cEs tarea para todos\u201d, dice el padre de familia, quien se autodefine con\npoca paciencia para explicar. \u201cEse es mi mayor reto\u201d, agrega.<\/p>\n\n\n\n<p>Para Sofi\nno ha sido f\u00e1cil. En tiempo ordinario, s\u00f3lo necesitaba de una \u00faltima revisi\u00f3n\nde las tareas. Incluso, se permit\u00eda de realizar otras actividades culturales\npor las tardes.<\/p>\n\n\n\n<p>\u201cYa\nquiero regresar a la escuela, ver a mis amigos, a mis maestros, regresar a lo\nde antes\u201d, dice la menor.<\/p>\n\n\n\n<p>El anuncio del regreso a clases a\u00fan no se oficializa en Oaxaca, donde suman hasta este 15 de mayo 369 casos de Covid-19 y 64 defunciones. <\/p>\n\n\n\n<p>Sof\u00eda, por lo menos, tiene el apoyo de sus padres, acceso a internet y a a un celuar con Whatsapp. Pero el martirio, y a la vez abandono escolar, es m\u00e1s grave en  comunidades alejadas de centros urbanos. Y nadie sabe cu\u00e1ndo reiniciar\u00e1n las clases en los salones, si es que reinician.<\/p>\n","protected":false},"excerpt":{"rendered":"<p>Redacci\u00f3n\/Zona Roja. Oaxaca de Ju\u00e1rez, Oax., 18 de mayo de 2020.- La hora de hacer&hellip;<\/p>\n","protected":false},"author":2,"featured_media":12537,"comment_status":"closed","ping_status":"open","sticky":false,"template":"","format":"standard","meta":{"_lmt_disableupdate":"","_lmt_disable":"","_jetpack_memberships_contains_paid_content":false,"footnotes":""},"categories":[109,47],"tags":[1512],"class_list":["post-12534","post","type-post","status-publish","format-standard","has-post-thumbnail","hentry","category-minuto-a-minuto","category-zona-gris","tag-coronavirus-oaxaca"],"jetpack_featured_media_url":"https:\/\/zonaroja.com.mx\/wp-content\/uploads\/2020\/05\/Clases-desde-casa.jpg","jetpack_sharing_enabled":true,"_links":{"self":[{"href":"https:\/\/zonaroja.com.mx\/index.php?rest_route=\/wp\/v2\/posts\/12534","targetHints":{"allow":["GET"]}}],"collection":[{"href":"https:\/\/zonaroja.com.mx\/index.php?rest_route=\/wp\/v2\/posts"}],"about":[{"href":"https:\/\/zonaroja.com.mx\/index.php?rest_route=\/wp\/v2\/types\/post"}],"author":[{"embeddable":true,"href":"https:\/\/zonaroja.com.mx\/index.php?rest_route=\/wp\/v2\/users\/2"}],"replies":[{"embeddable":true,"href":"https:\/\/zonaroja.com.mx\/index.php?rest_route=%2Fwp%2Fv2%2Fcomments&post=12534"}],"version-history":[{"count":2,"href":"https:\/\/zonaroja.com.mx\/index.php?rest_route=\/wp\/v2\/posts\/12534\/revisions"}],"predecessor-version":[{"id":12538,"href":"https:\/\/zonaroja.com.mx\/index.php?rest_route=\/wp\/v2\/posts\/12534\/revisions\/12538"}],"wp:featuredmedia":[{"embeddable":true,"href":"https:\/\/zonaroja.com.mx\/index.php?rest_route=\/wp\/v2\/media\/12537"}],"wp:attachment":[{"href":"https:\/\/zonaroja.com.mx\/index.php?rest_route=%2Fwp%2Fv2%2Fmedia&parent=12534"}],"wp:term":[{"taxonomy":"category","embeddable":true,"href":"https:\/\/zonaroja.com.mx\/index.php?rest_route=%2Fwp%2Fv2%2Fcategories&post=12534"},{"taxonomy":"post_tag","embeddable":true,"href":"https:\/\/zonaroja.com.mx\/index.php?rest_route=%2Fwp%2Fv2%2Ftags&post=12534"}],"curies":[{"name":"wp","href":"https:\/\/api.w.org\/{rel}","templated":true}]}}