{"id":12539,"date":"2020-05-18T12:30:28","date_gmt":"2020-05-18T17:30:28","guid":{"rendered":"http:\/\/www.zonaroja.com.mx\/?p=12539"},"modified":"2020-05-18T12:30:31","modified_gmt":"2020-05-18T17:30:31","slug":"sigue-crisis-en-sector-salud-de-oaxaca-ahora-protestan-en-salina-cruz","status":"publish","type":"post","link":"https:\/\/zonaroja.com.mx\/?p=12539","title":{"rendered":"Sigue crisis en sector salud de Oaxaca; ahora protestan en Salina Cruz"},"content":{"rendered":"\n<p>Evlin\nArag\u00f3n\/Zona Roja.<\/p>\n\n\n\n<p>Oaxaca de\nJu\u00e1rez, Oax., 18 de mayo de 2020.- Personal sindicalizado del Hospital General\nde Zona 02 del Instituto Mexicano del Seguro Social (IMSS), protest\u00f3 esta\nma\u00f1ana para exigir a los directivos del nosocomio los insumos necesarios para\ndar atenci\u00f3n a las personas que registran s\u00edntomas por Covid-19 en el puerto de\nSalina Cruz.<\/p>\n\n\n\n<p>Lo\nhicieron al exterior de las instalaciones del nosocomio, en cuya explanada se\nreunieron para plantear a las autoridades la necesidad de contar con equipo\nespecializado para atender a pacientes con complicaciones respiratorias\nderivadas del coronavirus, as\u00ed como material sanitario para evitar el contagio\ny garantizar la integridad del personal m\u00e9dico.<\/p>\n\n\n\n<p>De\nacuerdo con medios informativos de la regi\u00f3n del Istmo, la Guardia Nacional y\npersonal de la Secretar\u00eda de la Defensa Nacional lleg\u00f3 al lugar, donde no hubo\ndisturbios y \u00fanicamente fue la concentraci\u00f3n de un grupo de trabajadores del\nnosocomio quienes alzaron la voz ante las carencias existentes.<\/p>\n\n\n\n<p>La\natenci\u00f3n en el hospital no fue interrumpida por el contrario al exterior las y\nlos usuarios esperaban a ser atendidos, respetando todas las medias sanitarias\ncomo el uso de cubreboca y la sana distancia al momento del ingreso.<\/p>\n\n\n\n<p>Con una\nlona de gran tama\u00f1o, el personal de salud informa a la poblaci\u00f3n que no se\npermite las aglomeraciones al interior del hospital y solo se acepta el acceso\ndel derechohabiente con un acompa\u00f1ante a las salas de espera.,<\/p>\n\n\n\n<p>As\u00ed mismo,\npiden a los usuarios no ingresar con ni\u00f1as, ni\u00f1os y personas adultas mayores,\nsi no requieren atenci\u00f3n m\u00e9dica, ya que se trata de poblaci\u00f3n vulnerable en\nesta pandemia por Covid-19, que afecta a todo el mundo en estos momentos.<\/p>\n\n\n\n<p>Las\nprotestas por parte del personal m\u00e9dico no han cesado en la entidad oaxaque\u00f1a,\nmanifestando la falta de material y equipo especializado para dar atenci\u00f3n a la\ncontingencia sanitaria, sin dejar de nombrar que este fin de semana los\nhospitales de Juchit\u00e1n y Ciudad Ixtepec cerraron sus puertas a la atenci\u00f3n de\npacientes sospechosos con coronavirus al no estar asignados ni preparados para\nello.<\/p>\n\n\n\n<p>Mientras\nque el Hospital Regional Alta Especialidad de Oaxaca ha declarado p\u00fablicamente\nque ha rebasado su capacidad para dar atenci\u00f3n a los casos y que no recibir\u00e1\nm\u00e1s pacientes que presente complicaciones respiratorias.<\/p>\n","protected":false},"excerpt":{"rendered":"<p>Evlin Arag\u00f3n\/Zona Roja. Oaxaca de Ju\u00e1rez, Oax., 18 de mayo de 2020.- Personal sindicalizado del&hellip;<\/p>\n","protected":false},"author":2,"featured_media":12540,"comment_status":"closed","ping_status":"open","sticky":false,"template":"","format":"standard","meta":{"_lmt_disableupdate":"","_lmt_disable":"","_jetpack_memberships_contains_paid_content":false,"footnotes":""},"categories":[109,47],"tags":[1512],"class_list":["post-12539","post","type-post","status-publish","format-standard","has-post-thumbnail","hentry","category-minuto-a-minuto","category-zona-gris","tag-coronavirus-oaxaca"],"jetpack_featured_media_url":"https:\/\/zonaroja.com.mx\/wp-content\/uploads\/2020\/05\/IMG_1470.jpg","jetpack_sharing_enabled":true,"_links":{"self":[{"href":"https:\/\/zonaroja.com.mx\/index.php?rest_route=\/wp\/v2\/posts\/12539","targetHints":{"allow":["GET"]}}],"collection":[{"href":"https:\/\/zonaroja.com.mx\/index.php?rest_route=\/wp\/v2\/posts"}],"about":[{"href":"https:\/\/zonaroja.com.mx\/index.php?rest_route=\/wp\/v2\/types\/post"}],"author":[{"embeddable":true,"href":"https:\/\/zonaroja.com.mx\/index.php?rest_route=\/wp\/v2\/users\/2"}],"replies":[{"embeddable":true,"href":"https:\/\/zonaroja.com.mx\/index.php?rest_route=%2Fwp%2Fv2%2Fcomments&post=12539"}],"version-history":[{"count":1,"href":"https:\/\/zonaroja.com.mx\/index.php?rest_route=\/wp\/v2\/posts\/12539\/revisions"}],"predecessor-version":[{"id":12541,"href":"https:\/\/zonaroja.com.mx\/index.php?rest_route=\/wp\/v2\/posts\/12539\/revisions\/12541"}],"wp:featuredmedia":[{"embeddable":true,"href":"https:\/\/zonaroja.com.mx\/index.php?rest_route=\/wp\/v2\/media\/12540"}],"wp:attachment":[{"href":"https:\/\/zonaroja.com.mx\/index.php?rest_route=%2Fwp%2Fv2%2Fmedia&parent=12539"}],"wp:term":[{"taxonomy":"category","embeddable":true,"href":"https:\/\/zonaroja.com.mx\/index.php?rest_route=%2Fwp%2Fv2%2Fcategories&post=12539"},{"taxonomy":"post_tag","embeddable":true,"href":"https:\/\/zonaroja.com.mx\/index.php?rest_route=%2Fwp%2Fv2%2Ftags&post=12539"}],"curies":[{"name":"wp","href":"https:\/\/api.w.org\/{rel}","templated":true}]}}