{"id":12542,"date":"2020-05-18T13:58:40","date_gmt":"2020-05-18T18:58:40","guid":{"rendered":"http:\/\/www.zonaroja.com.mx\/?p=12542"},"modified":"2020-05-18T13:58:43","modified_gmt":"2020-05-18T18:58:43","slug":"desmiente-san-pedro-chayuco-agresion-contra-organizaciones-triquis","status":"publish","type":"post","link":"https:\/\/zonaroja.com.mx\/?p=12542","title":{"rendered":"Desmiente San Pedro Chayuco agresi\u00f3n contra organizaciones triquis"},"content":{"rendered":"\n<p>Evlin\nArag\u00f3n\/Zona Roja.<\/p>\n\n\n\n<p>Oaxaca de\nJu\u00e1rez, Oax., 18 de mayo de 2020.- Autoridades de San Pedro Chayuco, agencia del\nmunicipio de Santiago Juxtlahuaca, desmintieron la agresi\u00f3n en contra de\nintegrantes de la Uni\u00f3n de Bienestar Social de la Regi\u00f3n Triqui (Ubisort), a\ncuyos militantes responsabilizaron de la violencia que se gener\u00f3 el pasado 10\nde mayo en la zona y que dej\u00f3 una v\u00edctima mortal.<\/p>\n\n\n\n<p>Lo\nhicieron mediante un extenso documento en el que dan fe de los intentos previos\nde di\u00e1logo que no han sido respetados por las organizaciones sociales triquis\nque, teniendo acceso a los medios de comunicaci\u00f3n, \u201cdistorsionaron los hechos\u201d\ny se hicieron pasar por v\u00edctimas de la agresi\u00f3n a pesar que fueron ellos\nquienes la provocaron.<\/p>\n\n\n\n<p>\u201cEl\npueblo mixteco de San Pedro Chayuco, perteneciente al municipio de Santiago\nJuxtlahuaca, Oaxaca, manifiesta ante el mundo y la sociedad, la verdad sobre\nlos hechos violentos ocurridos el d\u00eda 10 de mayo de 2020, en los cuales\ntuvieron intervenci\u00f3n algunas comunidades de la regi\u00f3n Triqui y por los cuales\nmedi\u00e1ticamente se culpa a nuestra comunidad.<\/p>\n\n\n\n<p>\u201cSin\ntomar en cuenta que nuestra comunidad ha tenido un historial de paz, contrario\na la forma de vida de las comunidades las cuelas representan el (MULTI y Ubisort)\nen las cuales la violencia forma parte de su actuar\u201d, cita el documento.<\/p>\n\n\n\n<p>De forma\namplia y detallada la autoridad encabezada por el agente municipal, Jos\u00e9 Luis\nFlores Morales, manifest\u00f3 que la problem\u00e1tica inici\u00f3 el pasado 5 de abril con\nla instalaci\u00f3n de un cerco sanitario ubicado en las inmediaciones del municipio\nde Santiago Juxtlahuaca, debido a la pandemia por Covid-19, lo que origin\u00f3 un\nenfrentamiento entre comunidades triquis y mixtecas por problemas de l\u00edmites\nterritoriales.<\/p>\n\n\n\n<p>Los\nhechos fueron documentados por algunos medios de comunicaci\u00f3n, pero ignorados\npor las autoridades estatales, por lo que fue la comunidad de San Pedro Chayuco\nquien pidi\u00f3 establecer el di\u00e1logo con las comunidades involucradas y emiti\u00f3 un\noficio al dirigente del MULTI, Macario Garc\u00eda Merino, con quien d\u00edas despu\u00e9s\nconsolidaron acuerdos dentro de los m\u00e1s destacados: el respeto mutuo entre\ncomunidades y la no agresi\u00f3n.<\/p>\n\n\n\n<p>As\u00ed mismo,\nacordaron la intervenci\u00f3n de personal especializado para realizar la lectura de\nlos planos definitivos y ubicar los l\u00edmites entre el n\u00facleo agrario de San Juan\nCopala y el n\u00facleo ejidal de San Pedro Chayuco, as\u00ed como continuar con las\nreuniones para consolidar las pl\u00e1ticas y los acuerdos previos.<\/p>\n\n\n\n<p>Sin\nembargo, en el segundo encuentro fueron intimidados bajo amenazas con armas de\nfuego de alto calibre que portaban integrantes se las organizaciones Ubisort,\nMULTI y CNA, quienes echaron abajo los acuerdos previos.<\/p>\n\n\n\n<p>Con un\ntercer oficio, autoridades triquis notificaron de las acciones que realizar\u00edan\nsin ning\u00fan tipo de acuerdo, delimitar un carril en la zona, por los que la\nautoridad de Chayuco respondi\u00f3 con una nueva invitaci\u00f3n al di\u00e1logo, la cual\ntuvo como respuesta un ataque armado por m\u00e1s de 10 horas que destroz\u00f3 las\ninstalaciones del IEBO y afect\u00f3 decenas de casas habitaci\u00f3n en la localidad,\ncuyos habitantes de forma reiterada solicitaron la presencia de las autoridades\nestatales y de la Guardia Nacional, quienes nunca llegaron.<\/p>\n\n\n\n<p>Por todo\nlo anterior, denunciaron el hostigamiento medi\u00e1tico del cual han sido objeto\npor parte de organizaciones afines a las comunidades triquis, al ser se\u00f1alados\ncomo responsables de la agresi\u00f3n de la que fueron v\u00edctimas. <\/p>\n\n\n\n<p>As\u00ed mismo,\nel abandono por parte de las autoridades gubernamentales y de las instituciones\nlas cuales argumentando la contingencia por la pandemia del Covid-19, no han\nacudido a los llamados de apoyo.<\/p>\n\n\n\n<p>\u201cNuestra\ncomunidad manifiesta su voluntad al di\u00e1logo y a la reconstrucci\u00f3n de la paz\nentre nuestra comunidad y las comunidades de la regi\u00f3n triqui\u201d, refirieron.<\/p>\n\n\n\n<p>Finalmente\npidieron la intervenci\u00f3n de organizaciones sociales y autoridades tradicionales\nde estar al pendiente de la problem\u00e1tica y exigir a las autoridades de los\nniveles de gobierno su intervenci\u00f3n para garantizar la estabilidad social, el\nrespeto entre comunidades y la sana convivencia entre los pueblos de la regi\u00f3n.<\/p>\n","protected":false},"excerpt":{"rendered":"<p>Evlin Arag\u00f3n\/Zona Roja. Oaxaca de Ju\u00e1rez, Oax., 18 de mayo de 2020.- Autoridades de San&hellip;<\/p>\n","protected":false},"author":2,"featured_media":12543,"comment_status":"closed","ping_status":"open","sticky":false,"template":"","format":"standard","meta":{"_lmt_disableupdate":"","_lmt_disable":"","_jetpack_memberships_contains_paid_content":false,"footnotes":""},"categories":[109,47],"tags":[1695],"class_list":["post-12542","post","type-post","status-publish","format-standard","has-post-thumbnail","hentry","category-minuto-a-minuto","category-zona-gris","tag-san-pedro-chayuco"],"jetpack_featured_media_url":"https:\/\/zonaroja.com.mx\/wp-content\/uploads\/2020\/05\/San-Pedro-Chayuco.jpg","jetpack_sharing_enabled":true,"_links":{"self":[{"href":"https:\/\/zonaroja.com.mx\/index.php?rest_route=\/wp\/v2\/posts\/12542","targetHints":{"allow":["GET"]}}],"collection":[{"href":"https:\/\/zonaroja.com.mx\/index.php?rest_route=\/wp\/v2\/posts"}],"about":[{"href":"https:\/\/zonaroja.com.mx\/index.php?rest_route=\/wp\/v2\/types\/post"}],"author":[{"embeddable":true,"href":"https:\/\/zonaroja.com.mx\/index.php?rest_route=\/wp\/v2\/users\/2"}],"replies":[{"embeddable":true,"href":"https:\/\/zonaroja.com.mx\/index.php?rest_route=%2Fwp%2Fv2%2Fcomments&post=12542"}],"version-history":[{"count":1,"href":"https:\/\/zonaroja.com.mx\/index.php?rest_route=\/wp\/v2\/posts\/12542\/revisions"}],"predecessor-version":[{"id":12544,"href":"https:\/\/zonaroja.com.mx\/index.php?rest_route=\/wp\/v2\/posts\/12542\/revisions\/12544"}],"wp:featuredmedia":[{"embeddable":true,"href":"https:\/\/zonaroja.com.mx\/index.php?rest_route=\/wp\/v2\/media\/12543"}],"wp:attachment":[{"href":"https:\/\/zonaroja.com.mx\/index.php?rest_route=%2Fwp%2Fv2%2Fmedia&parent=12542"}],"wp:term":[{"taxonomy":"category","embeddable":true,"href":"https:\/\/zonaroja.com.mx\/index.php?rest_route=%2Fwp%2Fv2%2Fcategories&post=12542"},{"taxonomy":"post_tag","embeddable":true,"href":"https:\/\/zonaroja.com.mx\/index.php?rest_route=%2Fwp%2Fv2%2Ftags&post=12542"}],"curies":[{"name":"wp","href":"https:\/\/api.w.org\/{rel}","templated":true}]}}