{"id":12545,"date":"2020-05-18T14:47:08","date_gmt":"2020-05-18T19:47:08","guid":{"rendered":"http:\/\/www.zonaroja.com.mx\/?p=12545"},"modified":"2020-05-18T14:47:12","modified_gmt":"2020-05-18T19:47:12","slug":"mexico-inicia-reapertura-presionado-por-eu-pese-a-elevados-contagios","status":"publish","type":"post","link":"https:\/\/zonaroja.com.mx\/?p=12545","title":{"rendered":"M\u00e9xico inicia reapertura presionado por EU, pese a elevados contagios"},"content":{"rendered":"\n<p>Redacci\u00f3n\/Zona\nRoja Cdmx.<\/p>\n\n\n\n<p>Ciudad de\nM\u00e9xico, 18 de mayo de 2020.- El Gobierno de M\u00e9xico lanz\u00f3 este lunes una serie\nde protocolos de seguridad sanitaria para reabrir esta semana los sectores\nautomotor, de construcci\u00f3n y miner\u00eda, a pesar de que el pa\u00eds registra casi 50\nmil casos de coronavirus y el n\u00famero de nuevos contagiados y fallecidos no\nremite.<\/p>\n\n\n\n<p>La\nreapertura de la econom\u00eda en algunos municipios del pa\u00eds &#8211;llamados De la\nEsperanza- se produce mientras el pa\u00eds cifra en 49 mil 219 los casos de\ncoronavirus y en 5,177 los fallecidos, hasta el domingo, se\u00f1ala informaci\u00f3n de\nla agencia Reuters.<\/p>\n\n\n\n<p>Aunque la\ncifra de decesos est\u00e1 por debajo del pico de 353 para un s\u00f3lo d\u00eda que alcanz\u00f3\nrecientemente, en las \u00faltimas jornadas el n\u00famero de muertos y nuevos contagios\nse ha mantenido en promedio m\u00e1s elevado que en las semanas precedentes.<\/p>\n\n\n\n<p>Funcionarios\nde Estados Unidos y su industria automotriz han presionado al gobierno del\npresidente Andr\u00e9s Manuel L\u00f3pez Obrador para que reabra las f\u00e1bricas, porque las\noperaciones estadounidenses dependen en gran medida de las piezas del sur de la\nfrontera, a\u00f1ade Reuters.<\/p>\n\n\n\n<p>M\u00e9xico,\nque registr\u00f3 su primer caso de coronavirus semanas despu\u00e9s que Estados Unidos y\nCanad\u00e1 &#8211;pa\u00edses con los que forma una de las mayores regiones econ\u00f3micas del\nmundo&#8211;, ha optado por reanudar sus actividades industriales a pesar de las voces\nque demandan prolongar el confinamiento de la poblaci\u00f3n.<\/p>\n\n\n\n<p>Despu\u00e9s\nde contraerse ligeramente en 2019, su primer rev\u00e9s en una d\u00e9cada, la segunda\nmayor econom\u00eda de Am\u00e9rica Latina volvi\u00f3 a caer en el primer trimestre del a\u00f1o,\nen medio de la incertidumbre generada por las pol\u00edticas de L\u00f3pez Obrador, que\nseg\u00fan las c\u00e1maras empresariales ahuyenta a la inversi\u00f3n, y los primeros efectos\nde la emergencia por el coronavirus, expone la agencia Reuters.<\/p>\n\n\n\n<p>El\npresidente Andr\u00e9s Manuel L\u00f3pez Obrador llam\u00f3 a la sociedad para que siga\nactuando con responsabilidad ante la crisis sanitaria por COVID-19, recalcando\nque la reapertura a la vida normal s\u00f3lo ser\u00e1 en los \u201cmunicipios de la\nesperanza\u201d.<\/p>\n\n\n\n<p>\u201cHoy\ncomienza a reabrirse la actividad productiva y social, en algunos casos donde\nse acuerde pueden reiniciar las clases. Estamos hablando alrededor de 300\nmunicipios en donde no hay contagios, ni siquiera los vecinos tienen casos de\npersonas afectadas por el coronavirus\u201d, se\u00f1al\u00f3 durante su conferencia matutina.<\/p>\n\n\n\n<p>El\nmandatario federal indic\u00f3 que gracias a cercos sanitarios se lleg\u00f3 a buenos\nacuerdos con autoridades locales y municipales, as\u00ed como los regidos por usos y\ncostumbres para reabrir de nueva cuenta las actividades.<\/p>\n\n\n\n<p>\u201cHoy van\na hablar de eso en la tarde con el doctor Hugo L\u00f3pez-Gatell y tambi\u00e9n ya pueden\nempezarse a hacer los tr\u00e1mites para que empresas de la industria de la\nconstrucci\u00f3n, transporte y miner\u00eda puedan empezar sus actividades a trav\u00e9s de\nprotocolos de salud que se est\u00e1n solicitando para la protecci\u00f3n de los\ntrabajadores\u201d, adelant\u00f3.<\/p>\n\n\n\n<p>Andr\u00e9s\nManuel L\u00f3pez Obrador asegur\u00f3 que se intervendr\u00e1 en caso de recibir denuncias de\nla clase trabajadora; sin embargo, conf\u00edo que las empresas acatar\u00e1n las reglas\ny respetar\u00e1n los protocolos.<\/p>\n","protected":false},"excerpt":{"rendered":"<p>Redacci\u00f3n\/Zona Roja Cdmx. Ciudad de M\u00e9xico, 18 de mayo de 2020.- El Gobierno de M\u00e9xico&hellip;<\/p>\n","protected":false},"author":2,"featured_media":12547,"comment_status":"closed","ping_status":"open","sticky":false,"template":"","format":"standard","meta":{"_lmt_disableupdate":"","_lmt_disable":"","_jetpack_memberships_contains_paid_content":false,"footnotes":""},"categories":[109,47],"tags":[1328],"class_list":["post-12545","post","type-post","status-publish","format-standard","has-post-thumbnail","hentry","category-minuto-a-minuto","category-zona-gris","tag-coronavirus-mexico"],"jetpack_featured_media_url":"https:\/\/zonaroja.com.mx\/wp-content\/uploads\/2020\/05\/Industria-automotriz.jpg","jetpack_sharing_enabled":true,"_links":{"self":[{"href":"https:\/\/zonaroja.com.mx\/index.php?rest_route=\/wp\/v2\/posts\/12545","targetHints":{"allow":["GET"]}}],"collection":[{"href":"https:\/\/zonaroja.com.mx\/index.php?rest_route=\/wp\/v2\/posts"}],"about":[{"href":"https:\/\/zonaroja.com.mx\/index.php?rest_route=\/wp\/v2\/types\/post"}],"author":[{"embeddable":true,"href":"https:\/\/zonaroja.com.mx\/index.php?rest_route=\/wp\/v2\/users\/2"}],"replies":[{"embeddable":true,"href":"https:\/\/zonaroja.com.mx\/index.php?rest_route=%2Fwp%2Fv2%2Fcomments&post=12545"}],"version-history":[{"count":1,"href":"https:\/\/zonaroja.com.mx\/index.php?rest_route=\/wp\/v2\/posts\/12545\/revisions"}],"predecessor-version":[{"id":12548,"href":"https:\/\/zonaroja.com.mx\/index.php?rest_route=\/wp\/v2\/posts\/12545\/revisions\/12548"}],"wp:featuredmedia":[{"embeddable":true,"href":"https:\/\/zonaroja.com.mx\/index.php?rest_route=\/wp\/v2\/media\/12547"}],"wp:attachment":[{"href":"https:\/\/zonaroja.com.mx\/index.php?rest_route=%2Fwp%2Fv2%2Fmedia&parent=12545"}],"wp:term":[{"taxonomy":"category","embeddable":true,"href":"https:\/\/zonaroja.com.mx\/index.php?rest_route=%2Fwp%2Fv2%2Fcategories&post=12545"},{"taxonomy":"post_tag","embeddable":true,"href":"https:\/\/zonaroja.com.mx\/index.php?rest_route=%2Fwp%2Fv2%2Ftags&post=12545"}],"curies":[{"name":"wp","href":"https:\/\/api.w.org\/{rel}","templated":true}]}}