{"id":12549,"date":"2020-05-18T15:28:41","date_gmt":"2020-05-18T20:28:41","guid":{"rendered":"http:\/\/www.zonaroja.com.mx\/?p=12549"},"modified":"2020-05-18T15:28:44","modified_gmt":"2020-05-18T20:28:44","slug":"el-colmo-de-la-crisis-en-sector-salud-roban-en-hospital-de-nochixtlan","status":"publish","type":"post","link":"https:\/\/zonaroja.com.mx\/?p=12549","title":{"rendered":"El colmo de la crisis en sector salud: roban en hospital de Nochixtl\u00e1n"},"content":{"rendered":"\n<p>Yuridiana\nSosa\/Zona Roja.<\/p>\n\n\n\n<p>Oaxaca de\nJu\u00e1rez, Oax., 18 de mayo de 2020.- Trabajadores del Hospital Comunitario de\nAsunci\u00f3n Nochixtl\u00e1n denunciaron el robo de equipo de protecci\u00f3n para el\npersonal m\u00e9dico e insumos durante el fin de semana, por parte de la direcci\u00f3n\ndel nosocomio.<\/p>\n\n\n\n<p>Los\nafectados manifestaron p\u00fablicamente la sustracci\u00f3n de mil cubrebocas tipo N95,\nvendas y jeringas, presuntamente por parte del administrador del hospital, Jos\u00e9\nLuis Arana Rodr\u00edguez, en acuerdo con el director, Joel Dorantes Jim\u00e9nez.<\/p>\n\n\n\n<p>El\npersonal m\u00e9dico y administrativo del Hospital Comunitario, a cargo de los\nServicios de Salud de Oaxaca (SSO), exigi\u00f3 la devoluci\u00f3n inmediata del\nmaterial, as\u00ed como la destituci\u00f3n de los servidores p\u00fablicos.<\/p>\n\n\n\n<p>Este\nrobo, indicaron, es una falta grave, a\u00fan m\u00e1s cuando el sistema de salud\nenfrenta una lucha contra el Covid-19 sin insumos suficientes y equipos de\nprotecci\u00f3n para que el personal m\u00e9dico tampoco se contagie.<\/p>\n\n\n\n<p>Los Servicios\nde Salud de Oaxaca informaron este domingo que en la entidad&nbsp; 113 profesionales de la salud han resultado\npositivo al Covid-19.&nbsp; <\/p>\n\n\n\n<p>En tanto,\ndiversos nosocomios, incluyendo los que atienden a pacientes infectados,\nregistran m\u00faltiples denuncias de falta de equipos y materiales para enfrentar la\npandemia en la entidad.<\/p>\n","protected":false},"excerpt":{"rendered":"<p>Yuridiana Sosa\/Zona Roja. Oaxaca de Ju\u00e1rez, Oax., 18 de mayo de 2020.- Trabajadores del Hospital&hellip;<\/p>\n","protected":false},"author":2,"featured_media":12550,"comment_status":"closed","ping_status":"open","sticky":false,"template":"","format":"standard","meta":{"_lmt_disableupdate":"","_lmt_disable":"","_jetpack_memberships_contains_paid_content":false,"footnotes":""},"categories":[109,47],"tags":[1512],"class_list":["post-12549","post","type-post","status-publish","format-standard","has-post-thumbnail","hentry","category-minuto-a-minuto","category-zona-gris","tag-coronavirus-oaxaca"],"jetpack_featured_media_url":"https:\/\/zonaroja.com.mx\/wp-content\/uploads\/2020\/05\/Hospital-Asunci\u00f3n-Nochixtl\u00e1n-1.jpg","jetpack_sharing_enabled":true,"_links":{"self":[{"href":"https:\/\/zonaroja.com.mx\/index.php?rest_route=\/wp\/v2\/posts\/12549","targetHints":{"allow":["GET"]}}],"collection":[{"href":"https:\/\/zonaroja.com.mx\/index.php?rest_route=\/wp\/v2\/posts"}],"about":[{"href":"https:\/\/zonaroja.com.mx\/index.php?rest_route=\/wp\/v2\/types\/post"}],"author":[{"embeddable":true,"href":"https:\/\/zonaroja.com.mx\/index.php?rest_route=\/wp\/v2\/users\/2"}],"replies":[{"embeddable":true,"href":"https:\/\/zonaroja.com.mx\/index.php?rest_route=%2Fwp%2Fv2%2Fcomments&post=12549"}],"version-history":[{"count":1,"href":"https:\/\/zonaroja.com.mx\/index.php?rest_route=\/wp\/v2\/posts\/12549\/revisions"}],"predecessor-version":[{"id":12551,"href":"https:\/\/zonaroja.com.mx\/index.php?rest_route=\/wp\/v2\/posts\/12549\/revisions\/12551"}],"wp:featuredmedia":[{"embeddable":true,"href":"https:\/\/zonaroja.com.mx\/index.php?rest_route=\/wp\/v2\/media\/12550"}],"wp:attachment":[{"href":"https:\/\/zonaroja.com.mx\/index.php?rest_route=%2Fwp%2Fv2%2Fmedia&parent=12549"}],"wp:term":[{"taxonomy":"category","embeddable":true,"href":"https:\/\/zonaroja.com.mx\/index.php?rest_route=%2Fwp%2Fv2%2Fcategories&post=12549"},{"taxonomy":"post_tag","embeddable":true,"href":"https:\/\/zonaroja.com.mx\/index.php?rest_route=%2Fwp%2Fv2%2Ftags&post=12549"}],"curies":[{"name":"wp","href":"https:\/\/api.w.org\/{rel}","templated":true}]}}