{"id":12552,"date":"2020-05-18T18:30:16","date_gmt":"2020-05-18T23:30:16","guid":{"rendered":"http:\/\/www.zonaroja.com.mx\/?p=12552"},"modified":"2020-05-18T18:30:18","modified_gmt":"2020-05-18T23:30:18","slug":"en-condiciones-vulnerable-atiende-hospital-civil-a-3-pacientes-covid-19","status":"publish","type":"post","link":"https:\/\/zonaroja.com.mx\/?p=12552","title":{"rendered":"En condiciones vulnerable atiende Hospital Civil a 3 pacientes Covid-19"},"content":{"rendered":"\n<p>Yuridiana\nSosa\/Zona Roja.<\/p>\n\n\n\n<p>Oaxaca de\nJu\u00e1rez, Oax., 18 de mayo de 2020.- Con carencias de insumos y de personal\nm\u00e9dico, el Hospital Civil \u201cDr. Aurelio Valdivieso\u201d recibi\u00f3 a sus primeros\npacientes con Covid-19 este fin de semana.<\/p>\n\n\n\n<p>El\nsecretario general de la Subsecci\u00f3n 07 del Sindicato Nacional de Trabajadores\nde Salud (SNTSA), Alberto V\u00e1squez San Germ\u00e1n, se\u00f1al\u00f3 que a pesar que el Gobierno\ndel Estado no ha entregado el equipo de protecci\u00f3n suficiente para enfrentar la\npandemia, el s\u00e1bado ingresaron los primeros tres pacientes.<\/p>\n\n\n\n<p>Pero,\nadem\u00e1s dijo, cerca de 10 profesionales de la salud de este nosocomio, cinco\nm\u00e9dicos e igual n\u00famero del \u00e1rea de enfermer\u00eda, est\u00e1n ausente por padecer de\nesta enfermedad, por lo que enfatiz\u00f3 que el personal existente redobla\nesfuerzos.<\/p>\n\n\n\n<p>El\ndirigente sindical indic\u00f3 que el hospital se encuentra en un estado vulnerable,\nque ejerce su labor s\u00f3lo con insumos y protecci\u00f3n m\u00e9dica donados, pero que son\ninsuficientes, por lo que de no recibir en lo inmediato material por parte de\nlos Servicios de Salud de Oaxaca (SSO) tendr\u00e1n que frenar sus recepciones de\npacientes Covid-19.<\/p>\n\n\n\n<p>El\nsecretario general de la Subsecci\u00f3n 07 indic\u00f3 que no permitir\u00e1n que se ponga el\nriesgo la salud de m\u00e1s personal m\u00e9dico, pues a pesar de sus carencias mantienen\nlabores.<\/p>\n\n\n\n<p>Desde el\ninicio de la pandemia, y del registro de los primeros casos en la entidad, el\npersonal m\u00e9dico del Hospital Civil de Oaxaca comenz\u00f3 con la demanda de equipos\nde protecci\u00f3n, de lo cual hasta el momento el gobierno del estado es omiso.<\/p>\n","protected":false},"excerpt":{"rendered":"<p>Yuridiana Sosa\/Zona Roja. Oaxaca de Ju\u00e1rez, Oax., 18 de mayo de 2020.- Con carencias de&hellip;<\/p>\n","protected":false},"author":2,"featured_media":12553,"comment_status":"closed","ping_status":"open","sticky":false,"template":"","format":"standard","meta":{"_lmt_disableupdate":"","_lmt_disable":"","_jetpack_memberships_contains_paid_content":false,"footnotes":""},"categories":[109,47],"tags":[781],"class_list":["post-12552","post","type-post","status-publish","format-standard","has-post-thumbnail","hentry","category-minuto-a-minuto","category-zona-gris","tag-hospital-civil-dr-aurelio-valdivieso-de-oaxaca"],"jetpack_featured_media_url":"https:\/\/zonaroja.com.mx\/wp-content\/uploads\/2020\/05\/Pacientes-Hospital-Civil.png","jetpack_sharing_enabled":true,"_links":{"self":[{"href":"https:\/\/zonaroja.com.mx\/index.php?rest_route=\/wp\/v2\/posts\/12552","targetHints":{"allow":["GET"]}}],"collection":[{"href":"https:\/\/zonaroja.com.mx\/index.php?rest_route=\/wp\/v2\/posts"}],"about":[{"href":"https:\/\/zonaroja.com.mx\/index.php?rest_route=\/wp\/v2\/types\/post"}],"author":[{"embeddable":true,"href":"https:\/\/zonaroja.com.mx\/index.php?rest_route=\/wp\/v2\/users\/2"}],"replies":[{"embeddable":true,"href":"https:\/\/zonaroja.com.mx\/index.php?rest_route=%2Fwp%2Fv2%2Fcomments&post=12552"}],"version-history":[{"count":1,"href":"https:\/\/zonaroja.com.mx\/index.php?rest_route=\/wp\/v2\/posts\/12552\/revisions"}],"predecessor-version":[{"id":12554,"href":"https:\/\/zonaroja.com.mx\/index.php?rest_route=\/wp\/v2\/posts\/12552\/revisions\/12554"}],"wp:featuredmedia":[{"embeddable":true,"href":"https:\/\/zonaroja.com.mx\/index.php?rest_route=\/wp\/v2\/media\/12553"}],"wp:attachment":[{"href":"https:\/\/zonaroja.com.mx\/index.php?rest_route=%2Fwp%2Fv2%2Fmedia&parent=12552"}],"wp:term":[{"taxonomy":"category","embeddable":true,"href":"https:\/\/zonaroja.com.mx\/index.php?rest_route=%2Fwp%2Fv2%2Fcategories&post=12552"},{"taxonomy":"post_tag","embeddable":true,"href":"https:\/\/zonaroja.com.mx\/index.php?rest_route=%2Fwp%2Fv2%2Ftags&post=12552"}],"curies":[{"name":"wp","href":"https:\/\/api.w.org\/{rel}","templated":true}]}}