{"id":12555,"date":"2020-05-18T19:42:03","date_gmt":"2020-05-19T00:42:03","guid":{"rendered":"http:\/\/www.zonaroja.com.mx\/?p=12555"},"modified":"2020-05-18T19:42:06","modified_gmt":"2020-05-19T00:42:06","slug":"se-ahonda-crisis-en-salud-piden-declarar-cuarentena-en-nosocomio-hraeo","status":"publish","type":"post","link":"https:\/\/zonaroja.com.mx\/?p=12555","title":{"rendered":"Se ahonda crisis en salud: piden declarar cuarentena en nosocomio HRAEO"},"content":{"rendered":"\n<p>Ismael\nGarc\u00eda M.\/Zona Roja. Foto: Igavec<\/p>\n\n\n\n<p>Oaxaca de\nJu\u00e1rez, Oax., 18 de mayo de 2020.- Ante el creciente n\u00famero de trabajadores\ncontagiados por Covid-19, la dirigencia sindical pidi\u00f3 hoy declarar en\ncuarentena al Hospital Regional de Alta Especialidad de Oaxaca, ubicado en San\nBartolo Coyotepec.<\/p>\n\n\n\n<p>El comit\u00e9\nejecutivo adherido a la Secci\u00f3n 96 del Sindicato Nacional de Trabajadores de la\nSecretar\u00eda de Salud, envi\u00f3 un oficio con n\u00famero SNTSA\/CES96\/2020\/084 a la\ndirectora del nosocomio, Alba V\u00e1squez Palacios, a fin de exponer la situaci\u00f3n.<\/p>\n\n\n\n<p>De\nacuerdo con los datos que tienen los sindicalizados, a nivel nacional suman 881\ntrabajadores del gremio que han dado positivo al nuevo coronavirus, de los\ncuales 23 han perdido la vida.<\/p>\n\n\n\n<p>Aunque no precis\u00f3 cu\u00e1ntos corresponden al Hospital de Especialidades de Oaxaca, la dirigencia expuso que con total respaldo de la dirigencia nacional del SNTSA, se solicit\u00f3 se atienda dicha emergencia sanitaria.<\/p>\n\n\n\n<figure class=\"wp-block-image\"><img decoding=\"async\" width=\"648\" height=\"946\" src=\"http:\/\/www.zonaroja.com.mx\/wp-content\/uploads\/2020\/05\/oficio-Hospital-Especialidades.jpg\" alt=\"\" class=\"wp-image-12557\" srcset=\"https:\/\/zonaroja.com.mx\/wp-content\/uploads\/2020\/05\/oficio-Hospital-Especialidades.jpg 648w, https:\/\/zonaroja.com.mx\/wp-content\/uploads\/2020\/05\/oficio-Hospital-Especialidades-205x300.jpg 205w, https:\/\/zonaroja.com.mx\/wp-content\/uploads\/2020\/05\/oficio-Hospital-Especialidades-585x854.jpg 585w\" sizes=\"(max-width: 648px) 100vw, 648px\" \/><\/figure>\n\n\n\n<p>\u201cSe han\nelevado las expresiones de parte del personal m\u00e9dico, de enfermer\u00eda y\nparam\u00e9dico, sobre todo en las que manifiestan la posibilidad de que existan m\u00e1s\ninfectados, a los cuales no les han aplicado la prueba de detecci\u00f3n por estar\nen situaci\u00f3n asintom\u00e1tica pero que, igualmente, est\u00e1n contagiando a otros\ncompa\u00f1eros de trabajo, a sus familiares o usuarios\u201d.<\/p>\n\n\n\n<p>El\ndocumento fue recibido hoy a las 13:37 horas por parte de la administraci\u00f3n del\npersonal del Hospital Regional de Alta Especialidad.<\/p>\n\n\n\n<p>ISSSTE\nHUAJUAPAN<\/p>\n\n\n\n<p>Por otra\nparte, este lunes colaps\u00f3 tambi\u00e9n el hospital del ISSSTE ubicado en Huajuapan\nde Le\u00f3n, ante lo cual directivos y trabajadores restringieron las actividades.<\/p>\n\n\n\n<p>Lo\nanterior debido a que la semana pasada falleci\u00f3 en ese nosocomio un paciente\ncon s\u00edntomas de Covid-19, por lo que se teme que al menos 30 integrantes del personal\nm\u00e9dico est\u00e9n contagiados.<\/p>\n\n\n\n<p>Por lo\npronto 20 trabajadores se encuentran aislados, inform\u00f3 la base trabajadora de\nese nosocomio que atiende principalmente a trabajadores federados, entre ellos\nde la Secci\u00f3n 22 del SNTE.<\/p>\n\n\n\n<p>FALLECE\nEL DE IXTEPEC<\/p>\n\n\n\n<p>Mientras\ntanto, autoridades sanitarias y militares confirmaron que este lunes falleci\u00f3\nla persona del sexo masculino que rechaz\u00f3 atender personal del hospital ubicado\nen Ciudad Ixtepec, en la regi\u00f3n del Istmo.<\/p>\n\n\n\n<p>El s\u00e1bado\nfue llevado a bordo de una ambulancia militar dicho paciente con s\u00edntomas de\nCovid; fue ingresado solamente un d\u00eda porque el domingo, tras protestas tambi\u00e9n\nde la autoridad municipal, lo retir\u00f3 la ambulancia y lo regres\u00f3 a la Base A\u00e9rea\nMilitar, donde finalmente perdi\u00f3 la vida.<\/p>\n","protected":false},"excerpt":{"rendered":"<p>Ismael Garc\u00eda M.\/Zona Roja. Foto: Igavec Oaxaca de Ju\u00e1rez, Oax., 18 de mayo de 2020.-&hellip;<\/p>\n","protected":false},"author":2,"featured_media":12556,"comment_status":"closed","ping_status":"open","sticky":false,"template":"","format":"standard","meta":{"_lmt_disableupdate":"","_lmt_disable":"","_jetpack_memberships_contains_paid_content":false,"footnotes":""},"categories":[109,47],"tags":[1512],"class_list":["post-12555","post","type-post","status-publish","format-standard","has-post-thumbnail","hentry","category-minuto-a-minuto","category-zona-gris","tag-coronavirus-oaxaca"],"jetpack_featured_media_url":"https:\/\/zonaroja.com.mx\/wp-content\/uploads\/2020\/05\/ISSSTE-Huajuapan.jpg","jetpack_sharing_enabled":true,"_links":{"self":[{"href":"https:\/\/zonaroja.com.mx\/index.php?rest_route=\/wp\/v2\/posts\/12555","targetHints":{"allow":["GET"]}}],"collection":[{"href":"https:\/\/zonaroja.com.mx\/index.php?rest_route=\/wp\/v2\/posts"}],"about":[{"href":"https:\/\/zonaroja.com.mx\/index.php?rest_route=\/wp\/v2\/types\/post"}],"author":[{"embeddable":true,"href":"https:\/\/zonaroja.com.mx\/index.php?rest_route=\/wp\/v2\/users\/2"}],"replies":[{"embeddable":true,"href":"https:\/\/zonaroja.com.mx\/index.php?rest_route=%2Fwp%2Fv2%2Fcomments&post=12555"}],"version-history":[{"count":1,"href":"https:\/\/zonaroja.com.mx\/index.php?rest_route=\/wp\/v2\/posts\/12555\/revisions"}],"predecessor-version":[{"id":12558,"href":"https:\/\/zonaroja.com.mx\/index.php?rest_route=\/wp\/v2\/posts\/12555\/revisions\/12558"}],"wp:featuredmedia":[{"embeddable":true,"href":"https:\/\/zonaroja.com.mx\/index.php?rest_route=\/wp\/v2\/media\/12556"}],"wp:attachment":[{"href":"https:\/\/zonaroja.com.mx\/index.php?rest_route=%2Fwp%2Fv2%2Fmedia&parent=12555"}],"wp:term":[{"taxonomy":"category","embeddable":true,"href":"https:\/\/zonaroja.com.mx\/index.php?rest_route=%2Fwp%2Fv2%2Fcategories&post=12555"},{"taxonomy":"post_tag","embeddable":true,"href":"https:\/\/zonaroja.com.mx\/index.php?rest_route=%2Fwp%2Fv2%2Ftags&post=12555"}],"curies":[{"name":"wp","href":"https:\/\/api.w.org\/{rel}","templated":true}]}}