{"id":12559,"date":"2020-05-18T22:06:14","date_gmt":"2020-05-19T03:06:14","guid":{"rendered":"http:\/\/www.zonaroja.com.mx\/?p=12559"},"modified":"2020-05-18T22:06:19","modified_gmt":"2020-05-19T03:06:19","slug":"abaten-a-dos-presuntos-delincuentes-en-la-mixteca","status":"publish","type":"post","link":"https:\/\/zonaroja.com.mx\/?p=12559","title":{"rendered":"Abaten a dos presuntos delincuentes en la Mixteca"},"content":{"rendered":"\n<p>Redacci\u00f3n\/Zona Roja. Foto: Igavec<\/p>\n\n\n\n<p>Oaxaca de\nJu\u00e1rez, Oax., 18 de mayo de 2020.- Un enfrentamiento dej\u00f3 este lunes al menos\ndos presuntos delincuentes abatidos, en la regi\u00f3n Mixteca de Oaxaca.<\/p>\n\n\n\n<p>De\nacuerdo con los informes preliminares, los hechos sucedieron cerca de las 14:00\nhoras en la carretera que comunica a Huajuapan de Le\u00f3n con Mariscala de Ju\u00e1rez,\nen jurisdicci\u00f3n de este \u00faltimo municipio.<\/p>\n\n\n\n<p>Elementos\nde la Agencia Estatal de Investigaciones, dependiente de la Fiscal\u00eda General\ndel Estado, acud\u00edan a aplicar \u00f3rdenes de cateo, cuando fueron agredidos a\nbalazos.<\/p>\n\n\n\n<p>Ello\norigin\u00f3 una persecuci\u00f3n por parte de los polic\u00edas en contra de los supuestos\nintegrantes del grupo delictivo; de manera extraoficial, hay dos versiones de\nlos hechos.<\/p>\n\n\n\n<p>Una de\nellas, que fueron abatidos a balazos por parte de los agentes de investigaci\u00f3n\nal darles alcance en inmediaciones del paraje \u201cLa Salinilla\u201d, en l\u00edmites de\nMariscala con Santa Cruz Tacache de Mina; el otro, que perdieron la vida al\nvolcar la unidad de motor en un barranco.<\/p>\n\n\n\n<p>Personal\nde la Vicefiscal\u00eda Regional de la Mixteca acudi\u00f3 al lugar de los hechos, tras\nlo cual traslad\u00f3 los cuerpos al pante\u00f3n \u201cEl G\u00f3lgota\u201d de Huajuapan de Le\u00f3n.\nHasta el momento no hay versi\u00f3n oficial de los hechos.<\/p>\n","protected":false},"excerpt":{"rendered":"<p>Redacci\u00f3n\/Zona Roja. Foto: Igavec Oaxaca de Ju\u00e1rez, Oax., 18 de mayo de 2020.- Un enfrentamiento&hellip;<\/p>\n","protected":false},"author":2,"featured_media":12560,"comment_status":"closed","ping_status":"open","sticky":false,"template":"","format":"standard","meta":{"_lmt_disableupdate":"","_lmt_disable":"","_jetpack_memberships_contains_paid_content":false,"footnotes":""},"categories":[109,51],"tags":[1696],"class_list":["post-12559","post","type-post","status-publish","format-standard","has-post-thumbnail","hentry","category-minuto-a-minuto","category-zona-roja","tag-mariscala-de-juarez"],"jetpack_featured_media_url":"https:\/\/zonaroja.com.mx\/wp-content\/uploads\/2020\/05\/8fb59dbc-26dd-4763-b894-4e089f3dc2cf.jpg","jetpack_sharing_enabled":true,"_links":{"self":[{"href":"https:\/\/zonaroja.com.mx\/index.php?rest_route=\/wp\/v2\/posts\/12559","targetHints":{"allow":["GET"]}}],"collection":[{"href":"https:\/\/zonaroja.com.mx\/index.php?rest_route=\/wp\/v2\/posts"}],"about":[{"href":"https:\/\/zonaroja.com.mx\/index.php?rest_route=\/wp\/v2\/types\/post"}],"author":[{"embeddable":true,"href":"https:\/\/zonaroja.com.mx\/index.php?rest_route=\/wp\/v2\/users\/2"}],"replies":[{"embeddable":true,"href":"https:\/\/zonaroja.com.mx\/index.php?rest_route=%2Fwp%2Fv2%2Fcomments&post=12559"}],"version-history":[{"count":1,"href":"https:\/\/zonaroja.com.mx\/index.php?rest_route=\/wp\/v2\/posts\/12559\/revisions"}],"predecessor-version":[{"id":12561,"href":"https:\/\/zonaroja.com.mx\/index.php?rest_route=\/wp\/v2\/posts\/12559\/revisions\/12561"}],"wp:featuredmedia":[{"embeddable":true,"href":"https:\/\/zonaroja.com.mx\/index.php?rest_route=\/wp\/v2\/media\/12560"}],"wp:attachment":[{"href":"https:\/\/zonaroja.com.mx\/index.php?rest_route=%2Fwp%2Fv2%2Fmedia&parent=12559"}],"wp:term":[{"taxonomy":"category","embeddable":true,"href":"https:\/\/zonaroja.com.mx\/index.php?rest_route=%2Fwp%2Fv2%2Fcategories&post=12559"},{"taxonomy":"post_tag","embeddable":true,"href":"https:\/\/zonaroja.com.mx\/index.php?rest_route=%2Fwp%2Fv2%2Ftags&post=12559"}],"curies":[{"name":"wp","href":"https:\/\/api.w.org\/{rel}","templated":true}]}}