{"id":12562,"date":"2020-05-19T08:00:35","date_gmt":"2020-05-19T13:00:35","guid":{"rendered":"http:\/\/www.zonaroja.com.mx\/?p=12562"},"modified":"2020-05-18T22:13:43","modified_gmt":"2020-05-19T03:13:43","slug":"a-los-ferieros-de-oaxaca-ni-los-ven-ni-los-oyen-las-autoridades","status":"publish","type":"post","link":"https:\/\/zonaroja.com.mx\/?p=12562","title":{"rendered":"A los \u201cferieros\u201d de Oaxaca, ni los ven ni los oyen las autoridades"},"content":{"rendered":"\n<p>Evlin\nArag\u00f3n\/Zona Roja.<\/p>\n\n\n\n<p>Oaxaca de\nJu\u00e1rez, Oax., 19 de mayo de 2020.- Deambulan de un lugar a otro. Un d\u00eda est\u00e1n\npor el Jard\u00edn Madero de la capital; otro d\u00eda en puntos de la avenida\nUniversidad; a veces se van al Perif\u00e9rico del lado oriente.<\/p>\n\n\n\n<p>Su \u00fanica\nfinalidad, pedir apoyos a la sociedad, ante el olvido de las autoridades\nmunicipales como estatales.<\/p>\n\n\n\n<p>Son los\ntrabajadores de las ferias, m\u00e1s conocidos como \u201cferieros\u201d, que tras dos meses\nde verse obligados a dejar de instalar sus puestos y juegos mec\u00e1nicos en las\ndiversas ferias que se realizan en la entidad oaxaque\u00f1a debido a la\ncontingencia sanitaria por Covid-19, salen a las calles a buscar recursos para\nsobrevivir.<\/p>\n\n\n\n<p>Desde un par\nde semanas iniciaron un boteo -es decir, pedir cooperaci\u00f3n voluntaria- en\nvarios cruceros de la capital en donde sin importar las inclemencias del clima\napuestan por la solidaridad de las y los automovilistas a quienes solicitan un\napoyo que no afecte sus bolsillos, ya de por s\u00ed desgastados con esta\ncontingencia sanitaria.<\/p>\n\n\n\n<p>No es lo\n\u00fanico que realizan, tambi\u00e9n han instalado un centro de acopio permanente al\ninterior del Mercado Zonal, en Santa Rosa Panzacola, para que la personas que\nas\u00ed lo deseen puedan donar kilos de frijol, arroz o cualquier alimento no\nperecedero que les ayude a hacer frente a la crisis econ\u00f3mica que ya recienten\nderivado de la contingencia sanitaria.<\/p>\n\n\n\n<p>El acopio\nde v\u00edveres se ha instalado al interior del Mercado Zonal, as\u00ed como en los\ncruceros de Santa Rosa, Monumento a las Madre, de la Ex Garita en Santa Cruz\nXoxocotl\u00e1n y el crucero de Cinco Se\u00f1ores, rumbo a Plaza del Valle, en donde se\npuede ver los puntos de ayuda instalados por la comunidad de \u201cferieros\u201d.<\/p>\n\n\n\n<p>De\nacuerdo con sus datos, son m\u00e1s de 140 familias las que han sido afectadas con\nla cancelaci\u00f3n de fiestas patronales o cualquier tipo de celebraci\u00f3n en las\nlocalidades que de forma regular instalan verbenas populares, mismas que no han\nrecibido apoyo por parte de las autoridades.<\/p>\n\n\n\n<p>Lo \u00fanico\nque les queda es esperar que la contingencia termine los m\u00e1s pronto posible\npara salir a trabajar de nuevo, dice \u00c1ngeles Castellanos, quien es madre soltera\ny tiene que mantener a sus dos hijos menores que incluso la acompa\u00f1an a pedir\nel apoyo solidario de la sociedad en general.<\/p>\n\n\n\n<p>Mientras\nque \u00c1ngel Felipe Rivera Boh\u00f3rquez representante de la uni\u00f3n de trabajadores,\nindica que el llamado que realizan en estos momentos es a la poblaci\u00f3n\noaxaque\u00f1a, toda vez que no han tenido acercamiento con las autoridades\nmunicipales, estales y federales, pese a las solicitudes que apoyo que han realizado.<\/p>\n\n\n\n<p>\u201cNos ha\nresultado m\u00e1s favorecedor el apoyo de la ciudadan\u00eda que el de las autoridades.\nEn realidad, ninguna autoridad ha volteado a vernos pese a que hemos dado a\nconocer la situaci\u00f3n por la que atravesamos\u201d, dice.<\/p>\n\n\n\n<p>Finalmente,\nreitera la invitaci\u00f3n a la ciudadan\u00eda para que pueden aportar lo que sea su\nvoluntad en el centro de acopio permanente instalado en el Mercado Zonal, ya\nque la crisis s\u00f3lo se superar\u00e1 con el apoyo de la poblaci\u00f3n en general.<\/p>\n","protected":false},"excerpt":{"rendered":"<p>Evlin Arag\u00f3n\/Zona Roja. Oaxaca de Ju\u00e1rez, Oax., 19 de mayo de 2020.- Deambulan de un&hellip;<\/p>\n","protected":false},"author":2,"featured_media":12563,"comment_status":"closed","ping_status":"open","sticky":false,"template":"","format":"standard","meta":{"_lmt_disableupdate":"","_lmt_disable":"","_jetpack_memberships_contains_paid_content":false,"footnotes":""},"categories":[109,47],"tags":[1697],"class_list":["post-12562","post","type-post","status-publish","format-standard","has-post-thumbnail","hentry","category-minuto-a-minuto","category-zona-gris","tag-ferieros-oaxaca"],"jetpack_featured_media_url":"https:\/\/zonaroja.com.mx\/wp-content\/uploads\/2020\/05\/Ferieros-Oaxaca-2.jpg","jetpack_sharing_enabled":true,"_links":{"self":[{"href":"https:\/\/zonaroja.com.mx\/index.php?rest_route=\/wp\/v2\/posts\/12562","targetHints":{"allow":["GET"]}}],"collection":[{"href":"https:\/\/zonaroja.com.mx\/index.php?rest_route=\/wp\/v2\/posts"}],"about":[{"href":"https:\/\/zonaroja.com.mx\/index.php?rest_route=\/wp\/v2\/types\/post"}],"author":[{"embeddable":true,"href":"https:\/\/zonaroja.com.mx\/index.php?rest_route=\/wp\/v2\/users\/2"}],"replies":[{"embeddable":true,"href":"https:\/\/zonaroja.com.mx\/index.php?rest_route=%2Fwp%2Fv2%2Fcomments&post=12562"}],"version-history":[{"count":1,"href":"https:\/\/zonaroja.com.mx\/index.php?rest_route=\/wp\/v2\/posts\/12562\/revisions"}],"predecessor-version":[{"id":12564,"href":"https:\/\/zonaroja.com.mx\/index.php?rest_route=\/wp\/v2\/posts\/12562\/revisions\/12564"}],"wp:featuredmedia":[{"embeddable":true,"href":"https:\/\/zonaroja.com.mx\/index.php?rest_route=\/wp\/v2\/media\/12563"}],"wp:attachment":[{"href":"https:\/\/zonaroja.com.mx\/index.php?rest_route=%2Fwp%2Fv2%2Fmedia&parent=12562"}],"wp:term":[{"taxonomy":"category","embeddable":true,"href":"https:\/\/zonaroja.com.mx\/index.php?rest_route=%2Fwp%2Fv2%2Fcategories&post=12562"},{"taxonomy":"post_tag","embeddable":true,"href":"https:\/\/zonaroja.com.mx\/index.php?rest_route=%2Fwp%2Fv2%2Ftags&post=12562"}],"curies":[{"name":"wp","href":"https:\/\/api.w.org\/{rel}","templated":true}]}}