{"id":12565,"date":"2020-05-19T07:27:44","date_gmt":"2020-05-19T12:27:44","guid":{"rendered":"http:\/\/www.zonaroja.com.mx\/?p=12565"},"modified":"2020-05-19T07:27:46","modified_gmt":"2020-05-19T12:27:46","slug":"alarma-aumento-de-casos-de-covid-en-oaxaca-161-en-un-dia","status":"publish","type":"post","link":"https:\/\/zonaroja.com.mx\/?p=12565","title":{"rendered":"Alarma aumento de casos de Covid en Oaxaca: 161 en un d\u00eda"},"content":{"rendered":"\n<p>Redacci\u00f3n\/Zona\nRoja.<\/p>\n\n\n\n<p>Oaxaca de\nJu\u00e1rez, Oax., 19 de mayo de 2020.- En el frustrado inicio de la \u201cnueva\nnormalidad\u201d, los casos del nuevo coronavirus crecieron exponencialmente.<\/p>\n\n\n\n<p>En 24\nhoras, se registraron 161 nuevos contagiados y seis fallecimientos, para dar un\ntotal de 606 y 76, respectivamente.<\/p>\n\n\n\n<p>En medio\ntambi\u00e9n de la crisis en diversos hospitales, unos declarados en colapso por el\ngran n\u00famero de pacientes, otros con quejas por falta de insumos y unos m\u00e1s con\npersonal infectado, el n\u00famero de personal m\u00e9dico con Covid-19 aument\u00f3 a 143.<\/p>\n\n\n\n<p>Los\nnuevos fallecimientos se reportaron en Ocotl\u00e1n de Morelos, San Antonio de la\nCal, Oaxaca de Ju\u00e1rez, Juchit\u00e1n de Zaragoza, Santiago Pinotepa Nacional y San\nJuan Bautista Tuxtepec; en tanto, Oaxaca registra la m\u00e1s alta tasa de letalidad\nen el pa\u00eds, con 12.54 por ciento.<\/p>\n\n\n\n<p>En un bolet\u00edn, la dependencia Servicios de Salud de Oaxaca, justific\u00f3 que \u201cse debe a que, a partir de este 18 de mayo, se comenzaron a registrar en la base de datos de la plataforma del Sistema de Vigilancia Epidemiol\u00f3gica de Enfermedad Respiratoria Viral (Sisver) de la Secretar\u00eda de Salud, los casos confirmados del coronavirus por laboratorios privados autorizados por el Instituto de Diagn\u00f3stico y Referencia Epidemiol\u00f3gicos \u201cDr. Manuel Mart\u00ednez B\u00e1ez\u201d (InDRE), los cuales a la fecha sumaron 105\u201d.<\/p>\n\n\n\n<figure class=\"wp-block-image\"><img decoding=\"async\" width=\"958\" height=\"535\" src=\"http:\/\/www.zonaroja.com.mx\/wp-content\/uploads\/2020\/05\/GR\u00c1FICA-02.jpg\" alt=\"\" class=\"wp-image-12567\" srcset=\"https:\/\/zonaroja.com.mx\/wp-content\/uploads\/2020\/05\/GR\u00c1FICA-02.jpg 958w, https:\/\/zonaroja.com.mx\/wp-content\/uploads\/2020\/05\/GR\u00c1FICA-02-300x168.jpg 300w, https:\/\/zonaroja.com.mx\/wp-content\/uploads\/2020\/05\/GR\u00c1FICA-02-768x429.jpg 768w, https:\/\/zonaroja.com.mx\/wp-content\/uploads\/2020\/05\/GR\u00c1FICA-02-585x327.jpg 585w\" sizes=\"(max-width: 958px) 100vw, 958px\" \/><\/figure>\n\n\n\n<p>Las\nnuevas notificaciones positivas se distribuyen en 38 municipios del estado, con\nlo que suman un total de 106 ayuntamientos con alg\u00fan registro de COVID-19.<\/p>\n\n\n\n<p>Adem\u00e1s, 204\npruebas est\u00e1n pendientes de resultados de laboratorio, mientras que un\nacumulado de 907 fueron negativas, haciendo un total de mil 717 notificaciones\nregistradas en la plataforma Federal.<\/p>\n\n\n\n<p>Por tipo\nde atenci\u00f3n -dijo- 234 han sido hospitalizados y 372 han recibido seguimiento\nde manera ambulatoria; de acuerdo con las instituciones, los SSO han notificado\n404 casos, el Instituto Mexicano del Seguro Social (IMSS) 93, mientras que el\nInstituto de Seguridad Social al Servicio de los Trabajadores del Estado\n(ISSSTE) 49, Pemex 11, Secretar\u00eda de Marina 15, IMSS Bienestar 26, la\nSecretar\u00eda de la Defensa Nacional (Sedena) y otras instituciones, cuatro casos\nrespectivamente.<\/p>\n\n\n\n<p>Precis\u00f3\nque de las 76 defunciones que lamentablemente se encuentran en el registro\nestatal, 35 se dieron en el grupo de 65 y m\u00e1s a\u00f1os, adem\u00e1s que la mayor\u00eda\npresentaba comorbilidades como diabetes, hipertensi\u00f3n arterial y obesidad\nprincipalmente.<\/p>\n\n\n\n<p>Detall\u00f3\nque los seis decesos que se agregaron este lunes, cinco fueron de varones de\n40, 52, 55, 67 y 84 a\u00f1os de edad, adem\u00e1s de una mujer de 76 a\u00f1os.<\/p>\n\n\n\n<p>Finalmente,\ndio a conocer que el personal de Salud que se ha visto afectado por el\nCOVID-19, a la fecha suman 143 confirmados: 55 integrantes del personal m\u00e9dico,\n73 de enfermer\u00eda, 14 laboratoristas y uno m\u00e1s de otra \u00e1rea.<\/p>\n","protected":false},"excerpt":{"rendered":"<p>Redacci\u00f3n\/Zona Roja. Oaxaca de Ju\u00e1rez, Oax., 19 de mayo de 2020.- En el frustrado inicio&hellip;<\/p>\n","protected":false},"author":2,"featured_media":12566,"comment_status":"closed","ping_status":"open","sticky":false,"template":"","format":"standard","meta":{"_lmt_disableupdate":"","_lmt_disable":"","_jetpack_memberships_contains_paid_content":false,"footnotes":""},"categories":[109,47],"tags":[1512],"class_list":["post-12565","post","type-post","status-publish","format-standard","has-post-thumbnail","hentry","category-minuto-a-minuto","category-zona-gris","tag-coronavirus-oaxaca"],"jetpack_featured_media_url":"https:\/\/zonaroja.com.mx\/wp-content\/uploads\/2020\/05\/GR\u00c1FICA-01.jpg","jetpack_sharing_enabled":true,"_links":{"self":[{"href":"https:\/\/zonaroja.com.mx\/index.php?rest_route=\/wp\/v2\/posts\/12565","targetHints":{"allow":["GET"]}}],"collection":[{"href":"https:\/\/zonaroja.com.mx\/index.php?rest_route=\/wp\/v2\/posts"}],"about":[{"href":"https:\/\/zonaroja.com.mx\/index.php?rest_route=\/wp\/v2\/types\/post"}],"author":[{"embeddable":true,"href":"https:\/\/zonaroja.com.mx\/index.php?rest_route=\/wp\/v2\/users\/2"}],"replies":[{"embeddable":true,"href":"https:\/\/zonaroja.com.mx\/index.php?rest_route=%2Fwp%2Fv2%2Fcomments&post=12565"}],"version-history":[{"count":1,"href":"https:\/\/zonaroja.com.mx\/index.php?rest_route=\/wp\/v2\/posts\/12565\/revisions"}],"predecessor-version":[{"id":12568,"href":"https:\/\/zonaroja.com.mx\/index.php?rest_route=\/wp\/v2\/posts\/12565\/revisions\/12568"}],"wp:featuredmedia":[{"embeddable":true,"href":"https:\/\/zonaroja.com.mx\/index.php?rest_route=\/wp\/v2\/media\/12566"}],"wp:attachment":[{"href":"https:\/\/zonaroja.com.mx\/index.php?rest_route=%2Fwp%2Fv2%2Fmedia&parent=12565"}],"wp:term":[{"taxonomy":"category","embeddable":true,"href":"https:\/\/zonaroja.com.mx\/index.php?rest_route=%2Fwp%2Fv2%2Fcategories&post=12565"},{"taxonomy":"post_tag","embeddable":true,"href":"https:\/\/zonaroja.com.mx\/index.php?rest_route=%2Fwp%2Fv2%2Ftags&post=12565"}],"curies":[{"name":"wp","href":"https:\/\/api.w.org\/{rel}","templated":true}]}}