{"id":12569,"date":"2020-05-19T07:47:47","date_gmt":"2020-05-19T12:47:47","guid":{"rendered":"http:\/\/www.zonaroja.com.mx\/?p=12569"},"modified":"2020-05-19T07:47:50","modified_gmt":"2020-05-19T12:47:50","slug":"ahora-en-el-istmo-otro-profesor-violo-a-dos-ninas-de-10-anos-de-edad","status":"publish","type":"post","link":"https:\/\/zonaroja.com.mx\/?p=12569","title":{"rendered":"Ahora en el Istmo, otro profesor viol\u00f3 a dos ni\u00f1as de 10 a\u00f1os de edad"},"content":{"rendered":"\n<p>Redacci\u00f3n\/Zona\nRoja.<\/p>\n\n\n\n<p>Oaxaca de\nJu\u00e1rez, Oax., 18 de mayo de 2020.- Un profesor abus\u00f3 sexualmente de dos menores\nde edad en una escuela primaria de la regi\u00f3n del Istmo de Tehuantepec en varias\nocasiones.<\/p>\n\n\n\n<p>Sin\nprecisar las fechas del delito, la Fiscal\u00eda General del Estado de Oaxaca (FGEO)\ninform\u00f3 que aprendi\u00f3 y logr\u00f3 vincular a proceso a un masculino identificado\ncomo V. M. M., quien se desempe\u00f1aba como maestro en una escuela primaria\nubicada en Juchit\u00e1n de Zaragoza, se\u00f1alado como probable responsable del delito\nde abuso sexual agravado contra dos ni\u00f1as de 10 a\u00f1os.<\/p>\n\n\n\n<p>En un\ncomunicado, inform\u00f3 que el probable responsable fue aprehendido por elementos\nde la Agencia Estatal de Investigaciones el 11 de mayo de 2020, cuando se\nencontraba en inmediaciones de la Cuarta Secci\u00f3n de Juchit\u00e1n, y presentado de\nforma inmediata ante la autoridad que lo requiri\u00f3.<\/p>\n\n\n\n<p>\u201cDe\nacuerdo con la causa penal 179\/2020, el imputado abus\u00f3 sexualmente de ambas\nni\u00f1as en diferentes fechas de a\u00f1os anteriores, cuando cursaban sus estudios de\neducaci\u00f3n primaria, en Juchit\u00e1n\u201d, expuso.<\/p>\n\n\n\n<p>Ante\nestos hechos y tras la denuncia interpuesta por familiares de las v\u00edctimas, se logr\u00f3\nidentificar y aprehender al probable responsable. En audiencia, el Juez de\nControl del Poder Judicial determin\u00f3 vincular a proceso a V. M. M. imponi\u00e9ndole\nla medida cautelar de prisi\u00f3n preventiva oficiosa y otorgando un mes para el\ncierre de investigaci\u00f3n complementaria.<\/p>\n\n\n\n<p>VINCULADO\nOTRO DOCENTE<\/p>\n\n\n\n<p>En tanto,\nen otro comunicado, la Fiscal\u00eda General inform\u00f3 que tras aportar los datos de\nprueba suficientes, el Juez de la causa vincul\u00f3 a proceso a J. C. S, le impuso prisi\u00f3n\npreventiva y otorg\u00f3 tres meses para el cierre de investigaci\u00f3n.<\/p>\n\n\n\n<p>Se trata de\nquien se desempe\u00f1aba como maestro del Colegio de Bachilleres del Estado de\nOaxaca (Cobao) en Nazareno, Etla, y se\u00f1alado como probable responsable del\ndelito de abuso sexual contra una joven estudiante.<\/p>\n\n\n\n<p>El\nprobable abusador sexual fue aprehendido por agentes estatales de Investigaci\u00f3n\nel pasado 15 de mayo y presentado de forma inmediata ante el Juez que lo\nrequiri\u00f3, dando cumplimiento a la causa penal 337\/2020.<\/p>\n\n\n\n<p>Los\nhechos ocurrieron el 25 de enero de 2018, en el plantel 39 del Cobao ubicado en\nNazareno, Etla, regi\u00f3n de Valles Centrales, cuando el imputado abus\u00f3\nsexualmente de la estudiante; situaci\u00f3n que se repiti\u00f3 en diversas fechas del\na\u00f1o 2018.<\/p>\n","protected":false},"excerpt":{"rendered":"<p>Redacci\u00f3n\/Zona Roja. Oaxaca de Ju\u00e1rez, Oax., 18 de mayo de 2020.- Un profesor abus\u00f3 sexualmente&hellip;<\/p>\n","protected":false},"author":2,"featured_media":12570,"comment_status":"closed","ping_status":"open","sticky":false,"template":"","format":"standard","meta":{"_lmt_disableupdate":"","_lmt_disable":"","_jetpack_memberships_contains_paid_content":false,"footnotes":""},"categories":[109,51],"tags":[1415],"class_list":["post-12569","post","type-post","status-publish","format-standard","has-post-thumbnail","hentry","category-minuto-a-minuto","category-zona-roja","tag-abuso-sexual-infantil-oaxaca"],"jetpack_featured_media_url":"https:\/\/zonaroja.com.mx\/wp-content\/uploads\/2020\/05\/Abuso-sexual-ni\u00f1as-2.jpeg","jetpack_sharing_enabled":true,"_links":{"self":[{"href":"https:\/\/zonaroja.com.mx\/index.php?rest_route=\/wp\/v2\/posts\/12569","targetHints":{"allow":["GET"]}}],"collection":[{"href":"https:\/\/zonaroja.com.mx\/index.php?rest_route=\/wp\/v2\/posts"}],"about":[{"href":"https:\/\/zonaroja.com.mx\/index.php?rest_route=\/wp\/v2\/types\/post"}],"author":[{"embeddable":true,"href":"https:\/\/zonaroja.com.mx\/index.php?rest_route=\/wp\/v2\/users\/2"}],"replies":[{"embeddable":true,"href":"https:\/\/zonaroja.com.mx\/index.php?rest_route=%2Fwp%2Fv2%2Fcomments&post=12569"}],"version-history":[{"count":1,"href":"https:\/\/zonaroja.com.mx\/index.php?rest_route=\/wp\/v2\/posts\/12569\/revisions"}],"predecessor-version":[{"id":12571,"href":"https:\/\/zonaroja.com.mx\/index.php?rest_route=\/wp\/v2\/posts\/12569\/revisions\/12571"}],"wp:featuredmedia":[{"embeddable":true,"href":"https:\/\/zonaroja.com.mx\/index.php?rest_route=\/wp\/v2\/media\/12570"}],"wp:attachment":[{"href":"https:\/\/zonaroja.com.mx\/index.php?rest_route=%2Fwp%2Fv2%2Fmedia&parent=12569"}],"wp:term":[{"taxonomy":"category","embeddable":true,"href":"https:\/\/zonaroja.com.mx\/index.php?rest_route=%2Fwp%2Fv2%2Fcategories&post=12569"},{"taxonomy":"post_tag","embeddable":true,"href":"https:\/\/zonaroja.com.mx\/index.php?rest_route=%2Fwp%2Fv2%2Ftags&post=12569"}],"curies":[{"name":"wp","href":"https:\/\/api.w.org\/{rel}","templated":true}]}}