{"id":12582,"date":"2020-05-19T14:11:45","date_gmt":"2020-05-19T19:11:45","guid":{"rendered":"http:\/\/www.zonaroja.com.mx\/?p=12582"},"modified":"2020-05-19T14:11:48","modified_gmt":"2020-05-19T19:11:48","slug":"gobierno-solo-transparenta-10-mdp-en-gasto-de-comunicacion-social","status":"publish","type":"post","link":"https:\/\/zonaroja.com.mx\/?p=12582","title":{"rendered":"Gobierno s\u00f3lo transparenta 10 mdp en gasto de Comunicaci\u00f3n Social"},"content":{"rendered":"\n<p>Redacci\u00f3n\/Estado\n20<\/p>\n\n\n\n<p>Oaxaca de\nJu\u00e1rez, Oax., 19 de mayo de 2020.- Durante el primer trimestre del a\u00f1o, el\ngobierno de Oaxaca report\u00f3 gastos por nueve millones 744 mil pesos en el \u00e1rea\nde Comunicaci\u00f3n Social, un promedio de tres millones 250 mil pesos al mes.<\/p>\n\n\n\n<p>De\nacuerdo con el primer informe trimestral de finanzas p\u00fablicas divulgado hace unos\nd\u00edas por la Secretar\u00eda de Finanzas, hasta el pasado 31 de marzo, la\nCoordinaci\u00f3n de Comunicaci\u00f3n Social y Vocer\u00eda del Gobierno del Estado hab\u00eda\nrecibido seis millones 899 mil pesos para cubrir los servicios contratados.<\/p>\n\n\n\n<p>Sin\nembargo, este informe no detalla qu\u00e9 empresas fueron contratadas por la\ndependencia, en ese entonces a cargo de Alfonso Mart\u00ednez C\u00f3rdova, y tampoco\nprecisa, por ende, qu\u00e9 cantidad de recursos recibi\u00f3 cada una de las empresas\nque fueron contratadas por el Poder Ejecutivo.<\/p>\n\n\n\n<p>Tampoco\ninforma a quienes se les deben los dos millones 845 mil pesos que no hab\u00edan\nsido trasferidos a las cuentas de la Vocer\u00eda, pero que s\u00ed aparecen como\ndevengados y ejercidos.<\/p>\n\n\n\n<p>M\u00e1s\nadelante, al seguir analizando el informe, en la p\u00e1gina 172 del tomo A del\nprimer reporte trimestral del a\u00f1o, se indica que de los nueve millones 744 mil\npesos ejercidos por la Coordinaci\u00f3n de Comunicaci\u00f3n Social del Gobierno de\nOaxaca siete millones 373 mil pesos fueron erogados en Servicios Personales, es\ndecir, en la contrataci\u00f3n y pago de empleados.<\/p>\n\n\n\n<p>Asimismo,\n163 mil 697 pesos fueron gastados en Materiales y Suministros, 748 mil 247\npesos en Servicios Generales y un mill\u00f3n 459 mil pesos en el rubro de Transferencias,\nAsignaciones, Subsidios y Otras. Este parte del documento tampoco hacer\nreferencia a los proveedores ni a los montos que reciben.<\/p>\n\n\n\n<p>Otro dato\nque tambi\u00e9n se establece es que, al comienzo de a\u00f1o, las autoridades hab\u00edan\nestimado gastar en Comunicaci\u00f3n Social un total de 43.6 millones de pesos.<\/p>\n","protected":false},"excerpt":{"rendered":"<p>Redacci\u00f3n\/Estado 20 Oaxaca de Ju\u00e1rez, Oax., 19 de mayo de 2020.- Durante el primer trimestre&hellip;<\/p>\n","protected":false},"author":2,"featured_media":12583,"comment_status":"closed","ping_status":"open","sticky":false,"template":"","format":"standard","meta":{"_lmt_disableupdate":"","_lmt_disable":"","_jetpack_memberships_contains_paid_content":false,"footnotes":""},"categories":[109,47],"tags":[1699],"class_list":["post-12582","post","type-post","status-publish","format-standard","has-post-thumbnail","hentry","category-minuto-a-minuto","category-zona-gris","tag-coordinacion-de-comunicacion-social-y-voceria-del-gobierno-del-estado"],"jetpack_featured_media_url":"https:\/\/zonaroja.com.mx\/wp-content\/uploads\/2020\/05\/Alfonso-Mart\u00ednez-C\u00f3rdoba.jpg","jetpack_sharing_enabled":true,"_links":{"self":[{"href":"https:\/\/zonaroja.com.mx\/index.php?rest_route=\/wp\/v2\/posts\/12582","targetHints":{"allow":["GET"]}}],"collection":[{"href":"https:\/\/zonaroja.com.mx\/index.php?rest_route=\/wp\/v2\/posts"}],"about":[{"href":"https:\/\/zonaroja.com.mx\/index.php?rest_route=\/wp\/v2\/types\/post"}],"author":[{"embeddable":true,"href":"https:\/\/zonaroja.com.mx\/index.php?rest_route=\/wp\/v2\/users\/2"}],"replies":[{"embeddable":true,"href":"https:\/\/zonaroja.com.mx\/index.php?rest_route=%2Fwp%2Fv2%2Fcomments&post=12582"}],"version-history":[{"count":1,"href":"https:\/\/zonaroja.com.mx\/index.php?rest_route=\/wp\/v2\/posts\/12582\/revisions"}],"predecessor-version":[{"id":12584,"href":"https:\/\/zonaroja.com.mx\/index.php?rest_route=\/wp\/v2\/posts\/12582\/revisions\/12584"}],"wp:featuredmedia":[{"embeddable":true,"href":"https:\/\/zonaroja.com.mx\/index.php?rest_route=\/wp\/v2\/media\/12583"}],"wp:attachment":[{"href":"https:\/\/zonaroja.com.mx\/index.php?rest_route=%2Fwp%2Fv2%2Fmedia&parent=12582"}],"wp:term":[{"taxonomy":"category","embeddable":true,"href":"https:\/\/zonaroja.com.mx\/index.php?rest_route=%2Fwp%2Fv2%2Fcategories&post=12582"},{"taxonomy":"post_tag","embeddable":true,"href":"https:\/\/zonaroja.com.mx\/index.php?rest_route=%2Fwp%2Fv2%2Ftags&post=12582"}],"curies":[{"name":"wp","href":"https:\/\/api.w.org\/{rel}","templated":true}]}}