{"id":12591,"date":"2020-05-19T16:13:40","date_gmt":"2020-05-19T21:13:40","guid":{"rendered":"http:\/\/www.zonaroja.com.mx\/?p=12591"},"modified":"2020-05-19T16:13:43","modified_gmt":"2020-05-19T21:13:43","slug":"tres-anos-y-el-agua-no-llega-para-ayutla-reanudan-denuncias","status":"publish","type":"post","link":"https:\/\/zonaroja.com.mx\/?p=12591","title":{"rendered":"Tres a\u00f1os y el agua no llega para Ayutla; reanudan denuncias"},"content":{"rendered":"\n<p>Evlin Arag\u00f3n\/Zona Roja. Foto: Especial<\/p>\n\n\n\n<p>Oaxaca de\nJu\u00e1rez, Oax., 19 de mayo de 2020.- \u201cTres a\u00f1os sin agua, tres a\u00f1os sin\njusticia\u201d, es la campa\u00f1a que reanudan las organizaciones de la sociedad civil\npara evidenciar que en plena contingencia sanitaria y ya con casos de Covid-19\ndetectados en la zona Mixe, el municipio de San Pedro y San Pablo Ayutla sigue\nsin agua para atender las recomendaciones de higiene.<\/p>\n\n\n\n<p>La acci\u00f3n\ntambi\u00e9n es para exigir que los casos de violencia denunciados desde el 2017, y\nque dieron origen a la falta del vital l\u00edquido en la localidad, sean atendidos\ndefinitivamente por parte de las autoridades estatales, que han argumentado\ncualquier tipo de pretexto para no hacerlo.<\/p>\n\n\n\n<p>\u201cHoy se\ncumplen tres a\u00f1os de que fueron invadidos 25 predios en la zona cercana al\nmanantial en posesi\u00f3n de 20 comuneras y tres comuneros de Ayutla, fueron\ndestruidas casas, \u00e1rboles frutales y cultivos de milpa&nbsp; habitantes y autoridades de la agencia\nmunicipal de Tierra Blanca, Tamazulapam\u201d, refiere el comunicado difundido este\nmartes.<\/p>\n\n\n\n<p>Dicha\nagresi\u00f3n comenz\u00f3 la escalada de violencia que tuvo un ataque armados que se\nregistr\u00f3 el 5 de junio del 2017, el cierre de las tuber\u00edas de agua y su\nposterior destrucci\u00f3n y una permanente campa\u00f1a contra mujeres defensoras de\nAyutla.<\/p>\n\n\n\n<p>As\u00ed lo\nexpone el informe que realiz\u00f3 C\u00f3digo DH como parte de la Misi\u00f3n Civil de\nObservaci\u00f3n que realizaron en el 2019 para documentar la problem\u00e1tica del agua,\nen el que se determin\u00f3 que existen violaciones al derecho humano al agua, a la\nvida, a la salud, a la integridad f\u00edsica y seguridad personal; al debido\nproceso legal y la seguridad jur\u00eddica, derechos.<\/p>\n\n\n\n<p>El\norganismo civil lament\u00f3 que, pese a que la crisis sanitaria obligue a la\npoblaci\u00f3n en general a implementar medidas permanentes como el lavado de manos\npara evitar el contagio del virus, en Ayutla esa sencilla acci\u00f3n se complique\ndebido a la ausencia del vital l\u00edquido.<\/p>\n\n\n\n<p>Tambi\u00e9n\ncritic\u00f3 la omisi\u00f3n por parte de las autoridades, que no han podido o querido\natender la problem\u00e1tica que tiene ya una vigencia de tres a\u00f1os, sin importar\nlas implicaciones que ha tra\u00eddo para una comunidad que aunque ha demostrado un\npoder organizativo ejemplar, vive con sus derechos humanos mermados.<\/p>\n\n\n\n<p>Hace\napenas un mes decenas de artistas se unieron para exigir se restablezca el\nservicio de agua potable en la localidad, la exigencia ha sido evidenciada en\nlas redes sociales durante todo este 2020 y previamente por parte de pobladores\ndel municipio que han aprovechado cualquier foro estatal y nacional para hacer\nevidente la situaci\u00f3n que hoy cumple tres a\u00f1os sin respuesta.<\/p>\n","protected":false},"excerpt":{"rendered":"<p>Evlin Arag\u00f3n\/Zona Roja. Foto: Especial Oaxaca de Ju\u00e1rez, Oax., 19 de mayo de 2020.- \u201cTres&hellip;<\/p>\n","protected":false},"author":2,"featured_media":12592,"comment_status":"closed","ping_status":"open","sticky":false,"template":"","format":"standard","meta":{"_lmt_disableupdate":"","_lmt_disable":"","_jetpack_memberships_contains_paid_content":false,"footnotes":""},"categories":[109,47],"tags":[501],"class_list":["post-12591","post","type-post","status-publish","format-standard","has-post-thumbnail","hentry","category-minuto-a-minuto","category-zona-gris","tag-san-pedro-y-san-pablo-ayutla-mixe"],"jetpack_featured_media_url":"https:\/\/zonaroja.com.mx\/wp-content\/uploads\/2020\/05\/Mujer-familia-v\u00edctima-Ayutla.jpg","jetpack_sharing_enabled":true,"_links":{"self":[{"href":"https:\/\/zonaroja.com.mx\/index.php?rest_route=\/wp\/v2\/posts\/12591","targetHints":{"allow":["GET"]}}],"collection":[{"href":"https:\/\/zonaroja.com.mx\/index.php?rest_route=\/wp\/v2\/posts"}],"about":[{"href":"https:\/\/zonaroja.com.mx\/index.php?rest_route=\/wp\/v2\/types\/post"}],"author":[{"embeddable":true,"href":"https:\/\/zonaroja.com.mx\/index.php?rest_route=\/wp\/v2\/users\/2"}],"replies":[{"embeddable":true,"href":"https:\/\/zonaroja.com.mx\/index.php?rest_route=%2Fwp%2Fv2%2Fcomments&post=12591"}],"version-history":[{"count":1,"href":"https:\/\/zonaroja.com.mx\/index.php?rest_route=\/wp\/v2\/posts\/12591\/revisions"}],"predecessor-version":[{"id":12593,"href":"https:\/\/zonaroja.com.mx\/index.php?rest_route=\/wp\/v2\/posts\/12591\/revisions\/12593"}],"wp:featuredmedia":[{"embeddable":true,"href":"https:\/\/zonaroja.com.mx\/index.php?rest_route=\/wp\/v2\/media\/12592"}],"wp:attachment":[{"href":"https:\/\/zonaroja.com.mx\/index.php?rest_route=%2Fwp%2Fv2%2Fmedia&parent=12591"}],"wp:term":[{"taxonomy":"category","embeddable":true,"href":"https:\/\/zonaroja.com.mx\/index.php?rest_route=%2Fwp%2Fv2%2Fcategories&post=12591"},{"taxonomy":"post_tag","embeddable":true,"href":"https:\/\/zonaroja.com.mx\/index.php?rest_route=%2Fwp%2Fv2%2Ftags&post=12591"}],"curies":[{"name":"wp","href":"https:\/\/api.w.org\/{rel}","templated":true}]}}