{"id":12594,"date":"2020-05-19T19:04:57","date_gmt":"2020-05-20T00:04:57","guid":{"rendered":"http:\/\/www.zonaroja.com.mx\/?p=12594"},"modified":"2020-05-19T19:05:00","modified_gmt":"2020-05-20T00:05:00","slug":"piden-los-sso-refuerzo-de-personal-medico-al-insabi","status":"publish","type":"post","link":"https:\/\/zonaroja.com.mx\/?p=12594","title":{"rendered":"Piden los SSO refuerzo de personal m\u00e9dico al Insabi"},"content":{"rendered":"\n<p>Yuridiana\nSosa\/Zona Roja.<\/p>\n\n\n\n<p>Oaxaca de\nJu\u00e1rez, Oax., 19 de mayo de 2020.- Ante la disminuci\u00f3n de la plantilla m\u00e9dica\nen la entidad por la pandemia del Covid-19, los Servicios de Salud de Oaxaca (SSO)\nsolicitaron a la Federaci\u00f3n la contrataci\u00f3n de 300 m\u00e9dicos y enfermeras, entre\notros trabajadores de la salud, para enfrentar la contingencia en Oaxaca.<\/p>\n\n\n\n<p>As\u00ed lo\nconfirm\u00f3 el subsecretario de Salud de Oaxaca, Juan Carlos M\u00e1rquez Heine, quien\nindic\u00f3 que se envi\u00f3 la petici\u00f3n al Instituto de Salud para el Bienestar\n(Insabi) de al menos un equipo de 300 profesionales de la salud, pero a\u00fan no\nreciben respuesta.<\/p>\n\n\n\n<p>El\nfuncionario indic\u00f3 que el salario de los nuevos m\u00e9dicos, que podr\u00edan ser de\notros estados, los realizar\u00e1 el gobierno de M\u00e9xico y no el Gobierno del Estado.<\/p>\n\n\n\n<p>Al corte\nt\u00e9cnico diario de los Servicios de Salud de este 18 de mayo, la autoridad\ninform\u00f3 que en la entidad se registran 143 profesionales de la salud enfermos\nde Covid-19, 55 de ellos m\u00e9dicos, 73 del \u00e1rea de enfermer\u00eda, 14 laboratoristas\ny uno de otra \u00e1rea.<\/p>\n\n\n\n<p>Esta baja\nse suma al de otro grupo numeroso de trabajadores que dejaron de laborar por\npertenecer al grupo vulnerable por edad o alg\u00fan padecimiento cr\u00f3nico.<\/p>\n\n\n\n<p>En cuanto\nal hospital Materno Infantil de Juchit\u00e1n de Zaragoza, que se anunci\u00f3 para\natenciones de Covid-19 y que a\u00fan no entra en funciones, el subsecretario dijo\nque esta semana el gobernador Alejandro Murat podr\u00eda viajar con autoridades de\nla Secretar\u00eda de la Defensa Nacional para su supervisi\u00f3n.<\/p>\n\n\n\n<p>Sin\nembargo, la proactividad de este nosocomio depende de la Sedena, que lo tiene\nbajo su responsabilidad, agreg\u00f3.<\/p>\n","protected":false},"excerpt":{"rendered":"<p>Yuridiana Sosa\/Zona Roja. Oaxaca de Ju\u00e1rez, Oax., 19 de mayo de 2020.- Ante la disminuci\u00f3n&hellip;<\/p>\n","protected":false},"author":2,"featured_media":12595,"comment_status":"closed","ping_status":"open","sticky":false,"template":"","format":"standard","meta":{"_lmt_disableupdate":"","_lmt_disable":"","_jetpack_memberships_contains_paid_content":false,"footnotes":""},"categories":[109,46],"tags":[1701,1005],"class_list":["post-12594","post","type-post","status-publish","format-standard","has-post-thumbnail","hentry","category-minuto-a-minuto","category-zona-blanca","tag-juan-carlos-marquez-heine","tag-servicios-de-salud-de-oaxaca-sso"],"jetpack_featured_media_url":"https:\/\/zonaroja.com.mx\/wp-content\/uploads\/2020\/05\/Juan-Carlos-M\u00e1rquez-Heine.jpg","jetpack_sharing_enabled":true,"_links":{"self":[{"href":"https:\/\/zonaroja.com.mx\/index.php?rest_route=\/wp\/v2\/posts\/12594","targetHints":{"allow":["GET"]}}],"collection":[{"href":"https:\/\/zonaroja.com.mx\/index.php?rest_route=\/wp\/v2\/posts"}],"about":[{"href":"https:\/\/zonaroja.com.mx\/index.php?rest_route=\/wp\/v2\/types\/post"}],"author":[{"embeddable":true,"href":"https:\/\/zonaroja.com.mx\/index.php?rest_route=\/wp\/v2\/users\/2"}],"replies":[{"embeddable":true,"href":"https:\/\/zonaroja.com.mx\/index.php?rest_route=%2Fwp%2Fv2%2Fcomments&post=12594"}],"version-history":[{"count":1,"href":"https:\/\/zonaroja.com.mx\/index.php?rest_route=\/wp\/v2\/posts\/12594\/revisions"}],"predecessor-version":[{"id":12596,"href":"https:\/\/zonaroja.com.mx\/index.php?rest_route=\/wp\/v2\/posts\/12594\/revisions\/12596"}],"wp:featuredmedia":[{"embeddable":true,"href":"https:\/\/zonaroja.com.mx\/index.php?rest_route=\/wp\/v2\/media\/12595"}],"wp:attachment":[{"href":"https:\/\/zonaroja.com.mx\/index.php?rest_route=%2Fwp%2Fv2%2Fmedia&parent=12594"}],"wp:term":[{"taxonomy":"category","embeddable":true,"href":"https:\/\/zonaroja.com.mx\/index.php?rest_route=%2Fwp%2Fv2%2Fcategories&post=12594"},{"taxonomy":"post_tag","embeddable":true,"href":"https:\/\/zonaroja.com.mx\/index.php?rest_route=%2Fwp%2Fv2%2Ftags&post=12594"}],"curies":[{"name":"wp","href":"https:\/\/api.w.org\/{rel}","templated":true}]}}