{"id":12597,"date":"2020-05-19T21:04:40","date_gmt":"2020-05-20T02:04:40","guid":{"rendered":"http:\/\/www.zonaroja.com.mx\/?p=12597"},"modified":"2020-05-19T21:04:44","modified_gmt":"2020-05-20T02:04:44","slug":"el-79-de-oaxaquenos-se-ocupa-en-el-comercio-informal","status":"publish","type":"post","link":"https:\/\/zonaroja.com.mx\/?p=12597","title":{"rendered":"El 79% de oaxaque\u00f1os se ocupa en el comercio informal"},"content":{"rendered":"\n<p>Yuridiana\nSosa\/Zona Roja.<\/p>\n\n\n\n<p>Oaxaca de\nJu\u00e1rez, Oax., 19 de mayo de 2020.- La Encuesta Nacional de Ocupaci\u00f3n y Empleo\n(ENOE), correspondiente al trimestre de enero a marzo de 2020, revel\u00f3 que el 79\npor ciento de las personas ocupadas en la entidad se emplean en la\ninformalidad, cifra que representa una disminuci\u00f3n respecto al a\u00f1o anterior.<\/p>\n\n\n\n<p>Durante\nel primer trimestre del a\u00f1o se contabiliz\u00f3 que en Oaxaca 1.4 millones de\npersonas se ocupan en esa modalidad laboral, y aunque representa la mayor\nfuente de empleos en Oaxaca, este 2020 es menor que la registrada en 2019 con\n81.6 por ciento.<\/p>\n\n\n\n<p>Los\nresultados de la encuentra demostraron que la poblaci\u00f3n econ\u00f3micamente activa\nen los tres primeros meses del a\u00f1o fue de 1.8 millones de personas, mientras\nque en el 2019 fue menor 1.7 millones de habitantes en territorio oaxaque\u00f1o.<\/p>\n\n\n\n<p>De acuerdo\ncon el tama\u00f1o de la unidad econ\u00f3mica, sin tomar en cuenta al \u00e1mbito\nagropecuario, de enero a marzo el 68 por ciento de las personas estaban\nocupadas en un micronegocio; el 13.2 por ciento desde un establecimiento\npeque\u00f1o. El tercer lugar de ocupaci\u00f3n es para el gobierno, con 6.4 por ciento.<\/p>\n\n\n\n<p>La ENOE\nindic\u00f3 que la poblaci\u00f3n ocupada en el sector no agropecuario se elev\u00f3 durante\nel 2020 en 55 mil personas. Los empleos en los micronegocios registraron un\nincremento respecto al 2019 con 19 mil personas ocupadas y con un salario;\nseguido de los peque\u00f1os negocios con 18 mil empleos.<\/p>\n\n\n\n<p>Los tipos\nde negocios que disminuyeron personas ocupadas fueron las grandes y medianas\nempresas, en tres mil y dos mil personas, respectivamente, detall\u00f3 la encuesta.<\/p>\n\n\n\n<p>Pero para\nlos oaxaque\u00f1os un solo empleo es insuficiente para cubrir sus expectativas de\nvida. Cada vez m\u00e1s personas buscan otro empleo complementario. En ese sentido,\nla poblaci\u00f3n durante el periodo enero-marzo de 2020 la poblaci\u00f3n subocupada en\nla entidad fue de 280 mil personas y represent\u00f3 15.8 por ciento, mientras que\nen 2019 fue de 10.7 por ciento.<\/p>\n\n\n\n<p>En Oaxaca\nlas diferencias de las horas trabajadas tambi\u00e9n son extremas. En la entidad el\n10.2 por ciento de la poblaci\u00f3n labora menos de 15 horas semanales, mientras\nque el 30.5 por ciento labora m\u00e1s de 48 horas a la semana.<\/p>\n\n\n\n<p>En\npromedio, la poblaci\u00f3n ocupada en la entidad trabaj\u00f3 en el primer trimestre de\n2020 jornadas de 41 horas semanales.<\/p>\n\n\n\n<p>En la\nencuesta tambi\u00e9n se destac\u00f3 que 77 de cada 100 hombres y 47 de cada 100 mujeres\nde 15 y m\u00e1s a\u00f1os son econ\u00f3micamente activos; as\u00ed como que los trabajadores por\ncuenta propia decrecieron en 41 mil.<\/p>\n","protected":false},"excerpt":{"rendered":"<p>Yuridiana Sosa\/Zona Roja. Oaxaca de Ju\u00e1rez, Oax., 19 de mayo de 2020.- La Encuesta Nacional&hellip;<\/p>\n","protected":false},"author":2,"featured_media":9491,"comment_status":"closed","ping_status":"open","sticky":false,"template":"","format":"standard","meta":{"_lmt_disableupdate":"","_lmt_disable":"","_jetpack_memberships_contains_paid_content":false,"footnotes":""},"categories":[109,47],"tags":[1702],"class_list":["post-12597","post","type-post","status-publish","format-standard","has-post-thumbnail","hentry","category-minuto-a-minuto","category-zona-gris","tag-encuesta-nacional-de-ocupacion-y-empleo-enoe"],"jetpack_featured_media_url":"https:\/\/zonaroja.com.mx\/wp-content\/uploads\/2020\/03\/Ambulantes-Tuxtepec-2.jpg","jetpack_sharing_enabled":true,"_links":{"self":[{"href":"https:\/\/zonaroja.com.mx\/index.php?rest_route=\/wp\/v2\/posts\/12597","targetHints":{"allow":["GET"]}}],"collection":[{"href":"https:\/\/zonaroja.com.mx\/index.php?rest_route=\/wp\/v2\/posts"}],"about":[{"href":"https:\/\/zonaroja.com.mx\/index.php?rest_route=\/wp\/v2\/types\/post"}],"author":[{"embeddable":true,"href":"https:\/\/zonaroja.com.mx\/index.php?rest_route=\/wp\/v2\/users\/2"}],"replies":[{"embeddable":true,"href":"https:\/\/zonaroja.com.mx\/index.php?rest_route=%2Fwp%2Fv2%2Fcomments&post=12597"}],"version-history":[{"count":1,"href":"https:\/\/zonaroja.com.mx\/index.php?rest_route=\/wp\/v2\/posts\/12597\/revisions"}],"predecessor-version":[{"id":12598,"href":"https:\/\/zonaroja.com.mx\/index.php?rest_route=\/wp\/v2\/posts\/12597\/revisions\/12598"}],"wp:featuredmedia":[{"embeddable":true,"href":"https:\/\/zonaroja.com.mx\/index.php?rest_route=\/wp\/v2\/media\/9491"}],"wp:attachment":[{"href":"https:\/\/zonaroja.com.mx\/index.php?rest_route=%2Fwp%2Fv2%2Fmedia&parent=12597"}],"wp:term":[{"taxonomy":"category","embeddable":true,"href":"https:\/\/zonaroja.com.mx\/index.php?rest_route=%2Fwp%2Fv2%2Fcategories&post=12597"},{"taxonomy":"post_tag","embeddable":true,"href":"https:\/\/zonaroja.com.mx\/index.php?rest_route=%2Fwp%2Fv2%2Ftags&post=12597"}],"curies":[{"name":"wp","href":"https:\/\/api.w.org\/{rel}","templated":true}]}}