{"id":12599,"date":"2020-05-19T22:16:26","date_gmt":"2020-05-20T03:16:26","guid":{"rendered":"http:\/\/www.zonaroja.com.mx\/?p=12599"},"modified":"2020-05-19T22:24:31","modified_gmt":"2020-05-20T03:24:31","slug":"teme-murat-contagio-por-covid-su-secretario-privado-dio-positivo","status":"publish","type":"post","link":"https:\/\/zonaroja.com.mx\/?p=12599","title":{"rendered":"Teme Murat contagio por Covid; su secretario privado dio positivo"},"content":{"rendered":"\n<p>Ismael\nGarc\u00eda M.\/Zona Roja.<\/p>\n\n\n\n<p>Oaxaca de\nJu\u00e1rez, Oax., 19 de mayo de 2020.- El gobernador de Oaxaca, Alejandro Murat\nHinojosa, se confin\u00f3 la noche de este martes en su domicilio, ante un posible\ncontagio de Covid-19.<\/p>\n\n\n\n<p>V\u00eda redes\nsociales, inform\u00f3 que su secretario privado, Alejandro Nassar, dio positivo a\nla prueba del nuevo coronavirus y result\u00f3 positivo. <\/p>\n\n\n\n<p>\u201cPor\nprotocolo, me he realizado la prueba y en cuanto reciba el resultado lo dar\u00e9 a\nconocer. Procedo al aislamiento preventivo\u201d, escribi\u00f3 en Twitter y en Facebook.<\/p>\n\n\n\n<p>El pasado\nlunes 11 de mayo, el gobernador Murat acudi\u00f3 a la Ciudad de M\u00e9xico con su secretario\nprivado a una reuni\u00f3n en Palacio Nacional, para la presentaci\u00f3n del plan\nnacional de reactivaci\u00f3n, que present\u00f3 el Presidente Andr\u00e9s Manuel L\u00f3pez\nObrador, por lo que Nassar podr\u00eda haber infectado a otros funcionarios\nfederales y estatales.<\/p>\n\n\n\n<p>El\nmi\u00e9rcoles, el mandatario oaxaque\u00f1o acudi\u00f3 nuevamente al Palacio Nacional, ahora\na la conferencia de prensa que encabez\u00f3 el Presidente de M\u00e9xico, donde se dio a\nconocer la lista de los \u201cmunicipios esperanza\u201d que regresar\u00edan a la \u201cnueva\nnormalidad\u201d.<\/p>\n\n\n\n<p>De\nacuerdo con fuentes internas, el secretario privado incluso ha acudido a uno de\nlos domicilios particulares de Murat Hinojosa, en San Sebasti\u00e1n, Etla, agencia\nmunicipal de San Pablo, Etla, donde se resguarda con su familia.<\/p>\n","protected":false},"excerpt":{"rendered":"<p>Ismael Garc\u00eda M.\/Zona Roja. Oaxaca de Ju\u00e1rez, Oax., 19 de mayo de 2020.- El gobernador&hellip;<\/p>\n","protected":false},"author":2,"featured_media":12600,"comment_status":"closed","ping_status":"open","sticky":false,"template":"","format":"standard","meta":{"_lmt_disableupdate":"","_lmt_disable":"","_jetpack_memberships_contains_paid_content":false,"footnotes":""},"categories":[109,47],"tags":[173,1703],"class_list":["post-12599","post","type-post","status-publish","format-standard","has-post-thumbnail","hentry","category-minuto-a-minuto","category-zona-gris","tag-alejandro-murat-hinojosa","tag-alejandro-nassar-pineyro"],"jetpack_featured_media_url":"https:\/\/zonaroja.com.mx\/wp-content\/uploads\/2020\/05\/Alejandro-Murat-y-Alejandro-Nassar.jpg","jetpack_sharing_enabled":true,"_links":{"self":[{"href":"https:\/\/zonaroja.com.mx\/index.php?rest_route=\/wp\/v2\/posts\/12599","targetHints":{"allow":["GET"]}}],"collection":[{"href":"https:\/\/zonaroja.com.mx\/index.php?rest_route=\/wp\/v2\/posts"}],"about":[{"href":"https:\/\/zonaroja.com.mx\/index.php?rest_route=\/wp\/v2\/types\/post"}],"author":[{"embeddable":true,"href":"https:\/\/zonaroja.com.mx\/index.php?rest_route=\/wp\/v2\/users\/2"}],"replies":[{"embeddable":true,"href":"https:\/\/zonaroja.com.mx\/index.php?rest_route=%2Fwp%2Fv2%2Fcomments&post=12599"}],"version-history":[{"count":1,"href":"https:\/\/zonaroja.com.mx\/index.php?rest_route=\/wp\/v2\/posts\/12599\/revisions"}],"predecessor-version":[{"id":12601,"href":"https:\/\/zonaroja.com.mx\/index.php?rest_route=\/wp\/v2\/posts\/12599\/revisions\/12601"}],"wp:featuredmedia":[{"embeddable":true,"href":"https:\/\/zonaroja.com.mx\/index.php?rest_route=\/wp\/v2\/media\/12600"}],"wp:attachment":[{"href":"https:\/\/zonaroja.com.mx\/index.php?rest_route=%2Fwp%2Fv2%2Fmedia&parent=12599"}],"wp:term":[{"taxonomy":"category","embeddable":true,"href":"https:\/\/zonaroja.com.mx\/index.php?rest_route=%2Fwp%2Fv2%2Fcategories&post=12599"},{"taxonomy":"post_tag","embeddable":true,"href":"https:\/\/zonaroja.com.mx\/index.php?rest_route=%2Fwp%2Fv2%2Ftags&post=12599"}],"curies":[{"name":"wp","href":"https:\/\/api.w.org\/{rel}","templated":true}]}}